{"id":2218,"date":"2021-12-29T00:00:00","date_gmt":"2021-12-28T23:00:00","guid":{"rendered":"https:\/\/www.gestoriadelaguardia.com\/?p=2218"},"modified":"2025-04-30T13:41:28","modified_gmt":"2025-04-30T11:41:28","slug":"calendari-festius-2022","status":"publish","type":"post","link":"https:\/\/www.gestoriadelaguardia.com\/ca\/2021\/12\/calendari-festius-2022\/","title":{"rendered":"Calendari festius 2022"},"content":{"rendered":"<p>S&#8217;ha publicat la Resoluci\u00f3 del 14 d&#8217;octubre del 2021, de la Direcci\u00f3 General de Treball pel qual es publica la relaci\u00f3 de festes laborals per l&#8217;any 2022.<\/p>\n<p>L&#8217;any 2022 tindr\u00e0 12 festius als que caldr\u00e0 sumar-hi dues festivitats locals que decideix cada municipi. Aquestes festivitats locals s\u00f3n retribu\u00efdes i no recuperables. D&#8217;aquests 12 dies festius, 4 els decideix cada comunitat aut\u00f2noma i 8 s\u00f3n comuns a tot l&#8217;Estat.<\/p>\n<p>Aquest any hi ha 3 dies festius que cauran en diumenge i per tant no entren al recompte de dies festius, aquests s\u00f3n: l&#8217;1 de maig, l&#8217;11 de setembre i el 25 de desembre.<\/p>\n<p>Tamb\u00e9 hi haur\u00e0 la possibilitat de fer alguns ponts o caps de setmana llarg com el cap de setmana de Reis, ja que el dia 6 de gener cau en dijous. La setmana Santa cau m\u00e9s tard que al 2021: del 15 al 18 d&#8217;abril i com que el dia 11 de setembre, dia de la Diada Nacional de Catalunya, cau en diumenge aquest any s&#8217;ha establert com a festiu el dia 6 de juny.<\/p>\n<p>Aix\u00ed doncs els festius de l\u2019any 2022 per a Catalunya son els seg\u00fcents:<\/p>\n<ul>\n<li>Cap d&#8217;Any: dissabte 1 de gener<\/li>\n<li>Reis: dijous 6 de gener<\/li>\n<li>Divendres Sant: 15 d&#8217;abril<\/li>\n<li>Dilluns de Pasqua Florida: 18 d&#8217;abril<\/li>\n<li>Segona Pasqua o Pasqua Granada: dilluns 6 de juny<\/li>\n<li>Sant Joan: divendres 24 de juny<\/li>\n<li>L&#8217;Assumpci\u00f3: dilluns 15 d&#8217;agost<\/li>\n<li>Festa Nacional d&#8217;Espanya: dimecres 12 d&#8217;octubre<\/li>\n<li>Tots Sants: dimarts 1 de novembre<\/li>\n<li>Dia de la Constituci\u00f3: dimarts 6 de desembre<\/li>\n<li>La Immaculada: dijous 8 de desembre<\/li>\n<li>Sant Esteve: dilluns 26 de desembre<\/li>\n<\/ul>\n","protected":false},"excerpt":{"rendered":"<p>S&#8217;ha publicat la Resoluci\u00f3 del 14 d&#8217;octubre del 2021, de la Direcci\u00f3 General de Treball pel qual es publica la relaci\u00f3 de festes laborals per l&#8217;any 2022. L&#8217;any 2022 tindr\u00e0 12 festius als que caldr\u00e0 sumar-hi dues festivitats locals que decideix cada municipi. Aquestes festivitats locals s\u00f3n retribu\u00efdes i no recuperables. D&#8217;aquests 12 dies festius, [&hellip;]<\/p>\n","protected":false},"author":1,"featured_media":0,"comment_status":"closed","ping_status":"closed","sticky":false,"template":"","format":"standard","meta":{"_et_pb_use_builder":"","_et_pb_old_content":"","_et_gb_content_width":"","footnotes":""},"categories":[14],"tags":[],"class_list":["post-2218","post","type-post","status-publish","format-standard","hentry","category-noticies"],"_links":{"self":[{"href":"https:\/\/www.gestoriadelaguardia.com\/ca\/wp-json\/wp\/v2\/posts\/2218","targetHints":{"allow":["GET"]}}],"collection":[{"href":"https:\/\/www.gestoriadelaguardia.com\/ca\/wp-json\/wp\/v2\/posts"}],"about":[{"href":"https:\/\/www.gestoriadelaguardia.com\/ca\/wp-json\/wp\/v2\/types\/post"}],"author":[{"embeddable":true,"href":"https:\/\/www.gestoriadelaguardia.com\/ca\/wp-json\/wp\/v2\/users\/1"}],"replies":[{"embeddable":true,"href":"https:\/\/www.gestoriadelaguardia.com\/ca\/wp-json\/wp\/v2\/comments?post=2218"}],"version-history":[{"count":1,"href":"https:\/\/www.gestoriadelaguardia.com\/ca\/wp-json\/wp\/v2\/posts\/2218\/revisions"}],"predecessor-version":[{"id":4530,"href":"https:\/\/www.gestoriadelaguardia.com\/ca\/wp-json\/wp\/v2\/posts\/2218\/revisions\/4530"}],"wp:attachment":[{"href":"https:\/\/www.gestoriadelaguardia.com\/ca\/wp-json\/wp\/v2\/media?parent=2218"}],"wp:term":[{"taxonomy":"category","embeddable":true,"href":"https:\/\/www.gestoriadelaguardia.com\/ca\/wp-json\/wp\/v2\/categories?post=2218"},{"taxonomy":"post_tag","embeddable":true,"href":"https:\/\/www.gestoriadelaguardia.com\/ca\/wp-json\/wp\/v2\/tags?post=2218"}],"curies":[{"name":"wp","href":"https:\/\/api.w.org\/{rel}","templated":true}]}}