{"id":2217,"date":"2021-11-19T00:00:00","date_gmt":"2021-11-18T23:00:00","guid":{"rendered":"https:\/\/www.gestoriadelaguardia.com\/?p=2217"},"modified":"2025-04-30T13:41:33","modified_gmt":"2025-04-30T11:41:33","slug":"nou-servei-de-tramitacio-ajuts-pla-moves-iii","status":"publish","type":"post","link":"https:\/\/www.gestoriadelaguardia.com\/ca\/2021\/11\/nou-servei-de-tramitacio-ajuts-pla-moves-iii\/","title":{"rendered":"Nou servei de tramitaci\u00f3 ajuts PLA MOVES III"},"content":{"rendered":"<p>Ens complau informar que hem incorporat un nou servei per a la tramitaci\u00f3 dels ajuts PLA MOVES III per a la instal\u00b7laci\u00f3 d&#8217;infraestructura el\u00e8ctrica per a la rec\u00e0rrega de vehicles el\u00e8ctrics.<\/p>\n<p>L&#8217;objectiu del Pla MOVES III \u00e9s activar el sector del vehicle el\u00e8ctric. A finals del 2023 es preveuen 250.000 vehicles el\u00e8ctrics nous en circulaci\u00f3 i haver instal\u00b7lat uns 100.000 punts de rec\u00e0rrega.<\/p>\n<p>Se&#8217;n beneficiar\u00e0 tamb\u00e9 vost\u00e8?<\/p>\n<p>M\u00e9s informaci\u00f3 a <a href=\"https:\/\/www.gestoriadelaguardia.com\/portfolios\/pla-moves-iii\/\"><span style=\"text-decoration: underline; color: #0000ff;\"><strong>aquest enlla\u00e7<\/strong><\/span><\/a>.<\/p>\n","protected":false},"excerpt":{"rendered":"<p>Ens complau informar que hem incorporat un nou servei per a la tramitaci\u00f3 dels ajuts PLA MOVES III per a la instal\u00b7laci\u00f3 d&#8217;infraestructura el\u00e8ctrica per a la rec\u00e0rrega de vehicles el\u00e8ctrics. L&#8217;objectiu del Pla MOVES III \u00e9s activar el sector del vehicle el\u00e8ctric. A finals del 2023 es preveuen 250.000 vehicles el\u00e8ctrics nous en circulaci\u00f3 [&hellip;]<\/p>\n","protected":false},"author":1,"featured_media":0,"comment_status":"closed","ping_status":"closed","sticky":false,"template":"","format":"standard","meta":{"_et_pb_use_builder":"","_et_pb_old_content":"","_et_gb_content_width":"","footnotes":""},"categories":[14],"tags":[],"class_list":["post-2217","post","type-post","status-publish","format-standard","hentry","category-noticies"],"_links":{"self":[{"href":"https:\/\/www.gestoriadelaguardia.com\/ca\/wp-json\/wp\/v2\/posts\/2217","targetHints":{"allow":["GET"]}}],"collection":[{"href":"https:\/\/www.gestoriadelaguardia.com\/ca\/wp-json\/wp\/v2\/posts"}],"about":[{"href":"https:\/\/www.gestoriadelaguardia.com\/ca\/wp-json\/wp\/v2\/types\/post"}],"author":[{"embeddable":true,"href":"https:\/\/www.gestoriadelaguardia.com\/ca\/wp-json\/wp\/v2\/users\/1"}],"replies":[{"embeddable":true,"href":"https:\/\/www.gestoriadelaguardia.com\/ca\/wp-json\/wp\/v2\/comments?post=2217"}],"version-history":[{"count":1,"href":"https:\/\/www.gestoriadelaguardia.com\/ca\/wp-json\/wp\/v2\/posts\/2217\/revisions"}],"predecessor-version":[{"id":4536,"href":"https:\/\/www.gestoriadelaguardia.com\/ca\/wp-json\/wp\/v2\/posts\/2217\/revisions\/4536"}],"wp:attachment":[{"href":"https:\/\/www.gestoriadelaguardia.com\/ca\/wp-json\/wp\/v2\/media?parent=2217"}],"wp:term":[{"taxonomy":"category","embeddable":true,"href":"https:\/\/www.gestoriadelaguardia.com\/ca\/wp-json\/wp\/v2\/categories?post=2217"},{"taxonomy":"post_tag","embeddable":true,"href":"https:\/\/www.gestoriadelaguardia.com\/ca\/wp-json\/wp\/v2\/tags?post=2217"}],"curies":[{"name":"wp","href":"https:\/\/api.w.org\/{rel}","templated":true}]}}