{"id":2215,"date":"2021-10-27T00:00:00","date_gmt":"2021-10-26T22:00:00","guid":{"rendered":"https:\/\/www.gestoriadelaguardia.com\/?p=2215"},"modified":"2025-04-30T13:41:37","modified_gmt":"2025-04-30T11:41:37","slug":"prorroga-expedients-de-regulacio-temporal-docupacio","status":"publish","type":"post","link":"https:\/\/www.gestoriadelaguardia.com\/ca\/2021\/10\/prorroga-expedients-de-regulacio-temporal-docupacio\/","title":{"rendered":"Pr\u00f2rroga expedients de regulaci\u00f3 temporal d&#8217;ocupaci\u00f3"},"content":{"rendered":"<p>El passat 28 de setembre es va publicar el Reial Decret-llei 18\/2021, del 28 de setembre, de mesures urgents per a la protecci\u00f3 de l\u2019ocupaci\u00f3, la recuperaci\u00f3 econ\u00f2mica i la millora del mercat de treball, pel qual s\u2019aprova la pr\u00f2rroga dels expedients de regulaci\u00f3 temporal d\u2019ocupaci\u00f3 (ERTOS).<\/p>\n<p>La nova pr\u00f2rroga de les suspensions de contractes i reduccions de jornada associades a<br \/>\nl\u2019impacte de la COVID-19 compren de l\u20191 d\u2019octubre al 28 de febrer del 2022.<\/p>\n<p>En aquesta ocasi\u00f3 es modifiquen els percentatges de les exoneracions en les cotitzacions a la<br \/>\nSeguretat Social i es vinculen a la formaci\u00f3, \u00e9s a dir, es milloren les exoneracions a la Seguretat<br \/>\nSocial d\u2019aquelles empreses que ofereixin formaci\u00f3 als treballadors inclosos en un ERTO.<\/p>\n<p>Destacar que aquesta nova pr\u00f2rroga queda subjecte a la cl\u00e0usula del manteniment de<br \/>\nl\u2019ocupaci\u00f3. Les empreses que s\u2019acullin a un ERTO i gaudeixin de les exoneracions hauran de<br \/>\nmantenir el nombre de treballadors durant un nou per\u00edode de 6 mesos.<\/p>\n<p>Per acabar, durant aquest per\u00edode tamb\u00e9 s\u2019han prorrogat les prestacions per cessament<br \/>\nd\u2019activitat dels treballadors aut\u00f2noms.<\/p>\n","protected":false},"excerpt":{"rendered":"<p>El passat 28 de setembre es va publicar el Reial Decret-llei 18\/2021, del 28 de setembre, de mesures urgents per a la protecci\u00f3 de l\u2019ocupaci\u00f3, la recuperaci\u00f3 econ\u00f2mica i la millora del mercat de treball, pel qual s\u2019aprova la pr\u00f2rroga dels expedients de regulaci\u00f3 temporal d\u2019ocupaci\u00f3 (ERTOS). La nova pr\u00f2rroga de les suspensions de contractes [&hellip;]<\/p>\n","protected":false},"author":1,"featured_media":0,"comment_status":"closed","ping_status":"closed","sticky":false,"template":"","format":"standard","meta":{"_et_pb_use_builder":"","_et_pb_old_content":"","_et_gb_content_width":"","footnotes":""},"categories":[14],"tags":[],"class_list":["post-2215","post","type-post","status-publish","format-standard","hentry","category-noticies"],"_links":{"self":[{"href":"https:\/\/www.gestoriadelaguardia.com\/ca\/wp-json\/wp\/v2\/posts\/2215","targetHints":{"allow":["GET"]}}],"collection":[{"href":"https:\/\/www.gestoriadelaguardia.com\/ca\/wp-json\/wp\/v2\/posts"}],"about":[{"href":"https:\/\/www.gestoriadelaguardia.com\/ca\/wp-json\/wp\/v2\/types\/post"}],"author":[{"embeddable":true,"href":"https:\/\/www.gestoriadelaguardia.com\/ca\/wp-json\/wp\/v2\/users\/1"}],"replies":[{"embeddable":true,"href":"https:\/\/www.gestoriadelaguardia.com\/ca\/wp-json\/wp\/v2\/comments?post=2215"}],"version-history":[{"count":1,"href":"https:\/\/www.gestoriadelaguardia.com\/ca\/wp-json\/wp\/v2\/posts\/2215\/revisions"}],"predecessor-version":[{"id":4540,"href":"https:\/\/www.gestoriadelaguardia.com\/ca\/wp-json\/wp\/v2\/posts\/2215\/revisions\/4540"}],"wp:attachment":[{"href":"https:\/\/www.gestoriadelaguardia.com\/ca\/wp-json\/wp\/v2\/media?parent=2215"}],"wp:term":[{"taxonomy":"category","embeddable":true,"href":"https:\/\/www.gestoriadelaguardia.com\/ca\/wp-json\/wp\/v2\/categories?post=2215"},{"taxonomy":"post_tag","embeddable":true,"href":"https:\/\/www.gestoriadelaguardia.com\/ca\/wp-json\/wp\/v2\/tags?post=2215"}],"curies":[{"name":"wp","href":"https:\/\/api.w.org\/{rel}","templated":true}]}}