{"id":2213,"date":"2021-10-13T00:00:00","date_gmt":"2021-10-12T22:00:00","guid":{"rendered":"https:\/\/www.gestoriadelaguardia.com\/?p=2213"},"modified":"2025-04-30T13:41:39","modified_gmt":"2025-04-30T11:41:39","slug":"pla-moves-iii-a-catalunya","status":"publish","type":"post","link":"https:\/\/www.gestoriadelaguardia.com\/ca\/2021\/10\/pla-moves-iii-a-catalunya\/","title":{"rendered":"Pla Moves III a Catalunya"},"content":{"rendered":"<p>La tercera edici\u00f3 del <strong>pla Moves<\/strong> ja es pot tramitar des del 02 d\u2019Octubre i la vig\u00e8ncia prevista \u00e9s <strong>fins al 31 de desembre del 2023<\/strong>. Aquest pla preveu una dotaci\u00f3 de <strong>65,5 milions d&#8217;euros<\/strong>. Una part es destinar\u00e0 a <strong>ajudes per a la compra d\u2018un vehicle<\/strong> i l&#8217;altra, a les <strong>ajudes per a la instal\u00b7laci\u00f3 de punts de rec\u00e0rrega<\/strong>. La tramitaci\u00f3 de la sol\u00b7licitud de subvenci\u00f3 es far\u00e0 telem\u00e0ticament tant per a persones jur\u00eddiques com f\u00edsiques.<\/p>\n<p>Per als particulars, aut\u00f2noms, comunitats de propietaris i entitats sense activitat econ\u00f2mica, les ajudes a l&#8217;adquisici\u00f3 de vehicles d&#8217;aquest pla van <strong>des dels 1.100 euros fins als 9.000<\/strong>, en funci\u00f3 del tipus de vehicle i de les seves caracter\u00edstiques. A m\u00e9s, augmenten en un 10% a canvi d&#8217;un <strong>vehicle per ser desballestat<\/strong> o per residir en un municipi de menys de 5.000 habitants.<\/p>\n<p>Les ajudes a l&#8217;adquisici\u00f3 de vehicles s\u00f3n diferents per a les persones jur\u00eddiques i les entitats amb activitat econ\u00f2mica, van <strong>des dels 700 euros fins als 5.000 euros<\/strong>, en funci\u00f3 tamb\u00e9 del tipus de vehicle, per\u00f2 tenen un l\u00edmit de 50 vehicles per any.<\/p>\n<p>Tamb\u00e9 poden acollir-se els vehicles obtinguts amb <strong>compra<\/strong> o amb alguna modalitat de <strong>leasing financer o r\u00e8nting<\/strong>. A m\u00e9s, els <strong>vehicles \u201cdemo\u201d<\/strong> de concessionari, han de tenir una antiguitat m\u00e0xima de 9 mesos des de la primera matriculaci\u00f3.<\/p>\n<p>Per altra banda, estan les ajudes per instal\u00b7lar punts de rec\u00e0rrega, <strong>ja siguin p\u00fablics o privats<\/strong> en zones residencials, d&#8217;estacionament, a la via p\u00fablica o a la xarxa vi\u00e0ria. Hi poden optar <strong>tant empreses com persones f\u00edsiques<\/strong>. En qualsevol cas, les ajudes podran ser d&#8217;un m\u00e0xim de 800.000 euros per expedient, i de 5.000 per a les persones f\u00edsiques. Per a les persones f\u00edsiques, les ajudes s\u00f3n del 70%; o del 80% en els municipis de menys de 5.000 habitants. Per a les empreses, les ajudes s\u00f3n d&#8217;entre el 30% i el 60%, en funci\u00f3 del tipus de municipi i de si es tracta d&#8217;una empresa petita, mitjana o gran.<\/p>\n<p><span style=\"color: #0000ff;\"><a style=\"color: #0000ff;\" href=\"https:\/\/dogc.gencat.cat\/es\/document-del-dogc\/?documentId=911315\" target=\"_blank\" rel=\"noopener\"><strong>Veure enlla\u00e7 al DOGC<\/strong><\/a><\/span><\/p>\n","protected":false},"excerpt":{"rendered":"<p>La tercera edici\u00f3 del pla Moves ja es pot tramitar des del 02 d\u2019Octubre i la vig\u00e8ncia prevista \u00e9s fins al 31 de desembre del 2023. Aquest pla preveu una dotaci\u00f3 de 65,5 milions d&#8217;euros. Una part es destinar\u00e0 a ajudes per a la compra d\u2018un vehicle i l&#8217;altra, a les ajudes per a la [&hellip;]<\/p>\n","protected":false},"author":1,"featured_media":0,"comment_status":"closed","ping_status":"closed","sticky":false,"template":"","format":"standard","meta":{"_et_pb_use_builder":"","_et_pb_old_content":"","_et_gb_content_width":"","footnotes":""},"categories":[14],"tags":[],"class_list":["post-2213","post","type-post","status-publish","format-standard","hentry","category-noticies"],"_links":{"self":[{"href":"https:\/\/www.gestoriadelaguardia.com\/ca\/wp-json\/wp\/v2\/posts\/2213","targetHints":{"allow":["GET"]}}],"collection":[{"href":"https:\/\/www.gestoriadelaguardia.com\/ca\/wp-json\/wp\/v2\/posts"}],"about":[{"href":"https:\/\/www.gestoriadelaguardia.com\/ca\/wp-json\/wp\/v2\/types\/post"}],"author":[{"embeddable":true,"href":"https:\/\/www.gestoriadelaguardia.com\/ca\/wp-json\/wp\/v2\/users\/1"}],"replies":[{"embeddable":true,"href":"https:\/\/www.gestoriadelaguardia.com\/ca\/wp-json\/wp\/v2\/comments?post=2213"}],"version-history":[{"count":1,"href":"https:\/\/www.gestoriadelaguardia.com\/ca\/wp-json\/wp\/v2\/posts\/2213\/revisions"}],"predecessor-version":[{"id":4542,"href":"https:\/\/www.gestoriadelaguardia.com\/ca\/wp-json\/wp\/v2\/posts\/2213\/revisions\/4542"}],"wp:attachment":[{"href":"https:\/\/www.gestoriadelaguardia.com\/ca\/wp-json\/wp\/v2\/media?parent=2213"}],"wp:term":[{"taxonomy":"category","embeddable":true,"href":"https:\/\/www.gestoriadelaguardia.com\/ca\/wp-json\/wp\/v2\/categories?post=2213"},{"taxonomy":"post_tag","embeddable":true,"href":"https:\/\/www.gestoriadelaguardia.com\/ca\/wp-json\/wp\/v2\/tags?post=2213"}],"curies":[{"name":"wp","href":"https:\/\/api.w.org\/{rel}","templated":true}]}}