{"id":2212,"date":"2021-09-22T00:00:00","date_gmt":"2021-09-21T22:00:00","guid":{"rendered":"https:\/\/www.gestoriadelaguardia.com\/?p=2212"},"modified":"2025-04-30T13:41:41","modified_gmt":"2025-04-30T11:41:41","slug":"important-adaptacio-legislativa-en-materia-dincapacitat-i-tutela-dacord-als-postulats-de-la-convencio-de-nova-york","status":"publish","type":"post","link":"https:\/\/www.gestoriadelaguardia.com\/ca\/2021\/09\/important-adaptacio-legislativa-en-materia-dincapacitat-i-tutela-dacord-als-postulats-de-la-convencio-de-nova-york\/","title":{"rendered":"Important adaptaci\u00f3 legislativa en mat\u00e8ria d&#8217;incapacitat i tutela d&#8217;acord als postulats de la convenci\u00f3 de Nova York"},"content":{"rendered":"<p>Recentment han entrat en vigor dues normes, una estatal (Ley 8\/2021, de 2 de julio, por la que se reforma la legislaci\u00f3n civil y procesal para el apoyo a las personas con discapacidad en el ejercicio de su capacidad jur\u00eddica) i una altra auton\u00f2mica (Decret Llei 19\/2021, de 31 d\u2019agost, pel qual s\u2019adapta el Codi Civil de Catalunya a la reforma del procediment de modificaci\u00f3 judicial de la capacitat), que han comportat una profunda reforma, sobretot l\u2019estatal, de la legislaci\u00f3 civil i processal respecte els drets de les persones amb discapacitat. Ambdues normes responen a l\u2019adequaci\u00f3 de l\u2019ordenament jur\u00eddic vigent a la Convenci\u00f3 Internacional de les Nacions Unides sobre els drets de les persones amb discapacitat, signada a la ciutat de Nova York, el dia 13 de desembre de 2006. Aquest tractat internacional recull, en el seu art. 12, la proclama universal en qu\u00e8 les persones amb discapacitat tenen capacitat jur\u00eddica en igualtat de condicions que les altres persones, i obliga als Estats Membres signants a adoptar les mesures pertinents per tal de propiciar a aquest col\u00b7lectiu les mesures de suport necess\u00e0ries per tal que puguin exercir aquesta capacitat jur\u00eddica en termes d\u2019igualtat.<\/p>\n<p>Desapareix, per tant, la concepci\u00f3 de protecci\u00f3 de drets per un nou concepte d\u2019assist\u00e8ncia i de suports, tot respectant la voluntat i les prefer\u00e8ncies de les persones amb discapacitat, essent elles les encarregades de prendre les seves pr\u00f2pies decisions.<br \/>\nLes figures legals de tutela, curatela i la potestat parental prorrogada o rehabilitada, tal com les coneix\u00edem fins ara desapareixen, i s\u00f3n substitu\u00efdes, quan es tracti de persones majors d\u2019edat, per la figura de l\u2019assist\u00e8ncia amb les facultats que el Tribunal determini en proporci\u00f3 a les mesures de suport que la persona precisi per tal d\u2019exercir aquesta capacitat jur\u00eddica.<\/p>\n<p>Tamb\u00e9 es suprimeix la modificaci\u00f3 judicial de la capacitat jur\u00eddica per la nova concepci\u00f3 del manteniment d\u2019aquesta capacitat, entesa legalment com la capacitat de ser titular de drets i obligacions i poder exercir-los en societat, per\u00f2 amb la fixaci\u00f3 dels suports o mesures necess\u00e0ries pel seu exercici en igualtat de condicions que la resta de persones. No existir\u00e0 declaraci\u00f3 d\u2019incapacitat civil o de modificaci\u00f3 de capacitat o de privaci\u00f3 de drets, ja siguin aquests personals, patrimonials o pol\u00edtics sin\u00f3 que, despr\u00e9s de la tramitaci\u00f3 legal d\u2019un procediment judicial, el que s\u2019obtindr\u00e0 \u00e9s una adopci\u00f3 de mesures per l\u2019exercici d\u2019aquesta capacitat. No es modifica la capacitat sin\u00f3 que s\u2019adopten les mesures necess\u00e0ries, adients i justes per tal que la persona la pugui exercir en plena igualtat. I aquestes mesures, a partir d\u2019ara, seran revisables obligat\u00f2riament d\u2019ofici entre un per\u00edode de 3 a 6 anys, amb la finalitat de determinar la necessitat del seu manteniment.<\/p>\n<p>Per tant, ambdues normes, principalment l\u2019estatal, impliquen un nou paradigma basat en el respecte a la dignitat i a les prefer\u00e8ncies de les persones amb discapacitat, pivotant la mateixa sobre el respecte, les prefer\u00e8ncies i la individualitat de cada persona amb discapacitat.<\/p>\n","protected":false},"excerpt":{"rendered":"<p>Recentment han entrat en vigor dues normes, una estatal (Ley 8\/2021, de 2 de julio, por la que se reforma la legislaci\u00f3n civil y procesal para el apoyo a las personas con discapacidad en el ejercicio de su capacidad jur\u00eddica) i una altra auton\u00f2mica (Decret Llei 19\/2021, de 31 d\u2019agost, pel qual s\u2019adapta el Codi [&hellip;]<\/p>\n","protected":false},"author":1,"featured_media":0,"comment_status":"closed","ping_status":"closed","sticky":false,"template":"","format":"standard","meta":{"_et_pb_use_builder":"","_et_pb_old_content":"","_et_gb_content_width":"","footnotes":""},"categories":[14],"tags":[],"class_list":["post-2212","post","type-post","status-publish","format-standard","hentry","category-noticies"],"_links":{"self":[{"href":"https:\/\/www.gestoriadelaguardia.com\/ca\/wp-json\/wp\/v2\/posts\/2212","targetHints":{"allow":["GET"]}}],"collection":[{"href":"https:\/\/www.gestoriadelaguardia.com\/ca\/wp-json\/wp\/v2\/posts"}],"about":[{"href":"https:\/\/www.gestoriadelaguardia.com\/ca\/wp-json\/wp\/v2\/types\/post"}],"author":[{"embeddable":true,"href":"https:\/\/www.gestoriadelaguardia.com\/ca\/wp-json\/wp\/v2\/users\/1"}],"replies":[{"embeddable":true,"href":"https:\/\/www.gestoriadelaguardia.com\/ca\/wp-json\/wp\/v2\/comments?post=2212"}],"version-history":[{"count":1,"href":"https:\/\/www.gestoriadelaguardia.com\/ca\/wp-json\/wp\/v2\/posts\/2212\/revisions"}],"predecessor-version":[{"id":4544,"href":"https:\/\/www.gestoriadelaguardia.com\/ca\/wp-json\/wp\/v2\/posts\/2212\/revisions\/4544"}],"wp:attachment":[{"href":"https:\/\/www.gestoriadelaguardia.com\/ca\/wp-json\/wp\/v2\/media?parent=2212"}],"wp:term":[{"taxonomy":"category","embeddable":true,"href":"https:\/\/www.gestoriadelaguardia.com\/ca\/wp-json\/wp\/v2\/categories?post=2212"},{"taxonomy":"post_tag","embeddable":true,"href":"https:\/\/www.gestoriadelaguardia.com\/ca\/wp-json\/wp\/v2\/tags?post=2212"}],"curies":[{"name":"wp","href":"https:\/\/api.w.org\/{rel}","templated":true}]}}