{"id":2211,"date":"2021-09-13T00:00:00","date_gmt":"2021-09-12T22:00:00","guid":{"rendered":"https:\/\/www.gestoriadelaguardia.com\/?p=2211"},"modified":"2025-04-30T13:41:43","modified_gmt":"2025-04-30T11:41:43","slug":"les-noves-quotes-per-a-autonoms","status":"publish","type":"post","link":"https:\/\/www.gestoriadelaguardia.com\/ca\/2021\/09\/les-noves-quotes-per-a-autonoms\/","title":{"rendered":"Les noves quotes per a aut\u00f2noms"},"content":{"rendered":"<p>El Govern espanyol vol modificar les cotitzacions de les quotes dels aut\u00f2noms, per tant, la majoria dels aut\u00f2noms (concretament entre el 70 i el 80%) passaran a pagar m\u00e9s del que ja paguen actualment.<\/p>\n<p>Actualment els nous aut\u00f2noms paguen 60 \u20ac\/mes el primer any i durant el segon any tenen una rebaixa en la cotitzaci\u00f3, passant a pagar, a partir del tercer any, 287 \u20ac\/mes, que \u00e9s la quota m\u00ednima. Aquesta quota m\u00ednima de cotitzaci\u00f3 dona dret a cobrar quan s\u2019est\u00e0 de baixa i a cobrar la pensi\u00f3 de jubilaci\u00f3, equivalentment al que s\u2019est\u00e0 pagant.<\/p>\n<p>El Govern proposa ara, en el marc de la reforma, fer tretze trams de cotitzaci\u00f3 i pagar segons els ingressos reals obtinguts, \u00e9s a dir, que els aut\u00f2noms comencin a cotitzar pels ingressos reals. Durant el per\u00edode transitori, la quota m\u00ednima baixaria per als que rebin menys ingressos i pujaria per als que rebin m\u00e9s, d\u2019aquesta manera, la quota m\u00ednima passaria a ser de 90 \u20ac\/mes i la m\u00e0xima de 1.200 \u20ac mensuals. Aix\u00f2 significa que, a parit d\u2019aquell moment, l\u2019aut\u00f2nom no podr\u00e0 triar la seva base de cotitzaci\u00f3, sin\u00f3 que s\u2019haur\u00e0 d\u2019adaptar a la base de cotitzaci\u00f3 que determini el Govern. Es preveu que aquesta proposta tingui data d\u2019inici a l\u2019any 2023 i ser\u00e0 completament implementada al 2031.<\/p>\n<p>El primer any d\u2019aplicaci\u00f3 les quotes comen\u00e7arien a 200 \u20ac mensuals per als que declarin uns rendiments m\u00ednims de fins a 3.000 \u20ac anuals, i arribarien a 400 \u20ac per als que declarin uns rendiments m\u00e0xims per sobre de 48.841 \u20ac anuals. Enmig, la quota ser\u00e0 de 215 \u20ac per als que tinguin ingressos que oscil\u00b7lin entre 3.000 i 6.000 euros, de 230 \u20ac per als que tinguin uns ingressos superiors a 6.000 euros i inferiors a 9.000, i de 245 \u20ac per als que tinguin uns ingressos d\u2019entre 9.000 i 12.600 euros. La resta de quotes ser\u00e0 de 260 \u20ac (de 12.600 a 17.000 euros d\u2019ingressos anuals), de 275 \u20ac (de 17.000 a 22.000), de 290 \u20ac (de 22.000 a 27.000), de 305 \u20ac (de 27.000 a 32.000), de 320 \u20ac (de 32.000 a 37.000), de 340 \u20ac (de 37.000 a 42.000), de 360 \u20ac (de 42.000 a 47.000), de 380 \u20ac (de 47.000 a 48.841) i de 400 \u20ac si es tenen uns rendiments superiors a 48.841 \u20ac anuals.<\/p>\n<p>Concloure doncs que el Govern el que fa \u00e9s \u201fenganyar\u201d als aut\u00f2noms, perqu\u00e8 per una part, estan dient que la cotitzaci\u00f3 va referida a la pensi\u00f3 de jubilaci\u00f3 que es percebr\u00e0, per\u00f2 com ja se sap, la pensi\u00f3 que es cobrar\u00e0 ser\u00e0 molt inferior a la que ells diuen. I per l\u2019altra, destacar que actualment ja hi ha vigent un impost que es paga en concordan\u00e7a als ingressos que s\u2019obtenen, que es la declaraci\u00f3 de la renda, per tant, s\u2019estarien duplicant impostos, en uns altres criteris, per\u00f2 realment s\u2019estaria duplicant i pagant pel mateix.<\/p>\n","protected":false},"excerpt":{"rendered":"<p>El Govern espanyol vol modificar les cotitzacions de les quotes dels aut\u00f2noms, per tant, la majoria dels aut\u00f2noms (concretament entre el 70 i el 80%) passaran a pagar m\u00e9s del que ja paguen actualment. Actualment els nous aut\u00f2noms paguen 60 \u20ac\/mes el primer any i durant el segon any tenen una rebaixa en la cotitzaci\u00f3, [&hellip;]<\/p>\n","protected":false},"author":1,"featured_media":0,"comment_status":"closed","ping_status":"closed","sticky":false,"template":"","format":"standard","meta":{"_et_pb_use_builder":"","_et_pb_old_content":"","_et_gb_content_width":"","footnotes":""},"categories":[14],"tags":[],"class_list":["post-2211","post","type-post","status-publish","format-standard","hentry","category-noticies"],"_links":{"self":[{"href":"https:\/\/www.gestoriadelaguardia.com\/ca\/wp-json\/wp\/v2\/posts\/2211","targetHints":{"allow":["GET"]}}],"collection":[{"href":"https:\/\/www.gestoriadelaguardia.com\/ca\/wp-json\/wp\/v2\/posts"}],"about":[{"href":"https:\/\/www.gestoriadelaguardia.com\/ca\/wp-json\/wp\/v2\/types\/post"}],"author":[{"embeddable":true,"href":"https:\/\/www.gestoriadelaguardia.com\/ca\/wp-json\/wp\/v2\/users\/1"}],"replies":[{"embeddable":true,"href":"https:\/\/www.gestoriadelaguardia.com\/ca\/wp-json\/wp\/v2\/comments?post=2211"}],"version-history":[{"count":1,"href":"https:\/\/www.gestoriadelaguardia.com\/ca\/wp-json\/wp\/v2\/posts\/2211\/revisions"}],"predecessor-version":[{"id":4546,"href":"https:\/\/www.gestoriadelaguardia.com\/ca\/wp-json\/wp\/v2\/posts\/2211\/revisions\/4546"}],"wp:attachment":[{"href":"https:\/\/www.gestoriadelaguardia.com\/ca\/wp-json\/wp\/v2\/media?parent=2211"}],"wp:term":[{"taxonomy":"category","embeddable":true,"href":"https:\/\/www.gestoriadelaguardia.com\/ca\/wp-json\/wp\/v2\/categories?post=2211"},{"taxonomy":"post_tag","embeddable":true,"href":"https:\/\/www.gestoriadelaguardia.com\/ca\/wp-json\/wp\/v2\/tags?post=2211"}],"curies":[{"name":"wp","href":"https:\/\/api.w.org\/{rel}","templated":true}]}}