{"id":2210,"date":"2021-07-26T00:00:00","date_gmt":"2021-07-25T22:00:00","guid":{"rendered":"https:\/\/www.gestoriadelaguardia.com\/?p=2210"},"modified":"2025-04-30T13:41:45","modified_gmt":"2025-04-30T11:41:45","slug":"reduccio-de-la-temporalitat-en-locupacio-publica","status":"publish","type":"post","link":"https:\/\/www.gestoriadelaguardia.com\/ca\/2021\/07\/reduccio-de-la-temporalitat-en-locupacio-publica\/","title":{"rendered":"Reducci\u00f3 de la temporalitat en l&#8217;ocupaci\u00f3 p\u00fablica"},"content":{"rendered":"<p>El Tribunal Suprem, Sala Quarta, del Social, en la Sent\u00e8ncia 649\/2021 de 28 juny. 2021, Rec. 3263\/2019 es rectifica per declarar el dret dels interins a convertir-se en indefinits no fixos passats els tres anys de temporalitat.<\/p>\n<p>Per al contracte d&#8217;interinitat per vacant que supera els tres anys de durada s&#8217;aplica la sent\u00e8ncia del TJUE de 3 de juny de 2021, on s&#8217;estableix que la durada m\u00e0xima del contracte d&#8217;interinitat per vacant ser\u00e0 la del temps que durin els processos de selecci\u00f3 per cobrir la vacant d\u2019acord amb el que disposa la seva normativa legal o convencional espec\u00edfica i, a falta de previsi\u00f3 normativa, amb car\u00e0cter general, una durada superior a tres anys s&#8217;ha de considerar injustificadament llarga, el que comportar\u00e0 que el treballador inter\u00ed passi a tenir la condici\u00f3 d\u2019indefinit no fix, amb dret a la indemnitzaci\u00f3 corresponent.<\/p>\n<p>El contracte d&#8217;interinitat per vacant \u00e9s aquell que pot celebrar-se per cobrir temporalment un lloc de treball durant el proc\u00e9s de selecci\u00f3 o promoci\u00f3 per a la seva cobertura definitiva. Es tracta d&#8217;un contracte a terme en la mesura que la seva persist\u00e8ncia ser\u00e0 la del temps que duri el proc\u00e9s de selecci\u00f3 o promoci\u00f3 per a la cobertura definitiva de la pla\u00e7a. La jurisprud\u00e8ncia ha adm\u00e8s la legalitat d&#8217;aquest tipus contractual respecte de les administracions p\u00fabliques, el que implica la licitud i regularitat de la contractaci\u00f3, mitjan\u00e7ant el contracte d&#8217;interinitat, per ocupar places vacants fins que aquestes siguin cobertes en propietat de la manera reglament\u00e0riament establerta (SSTS 06\/10\/1995 i 01\/06\/1998). La licitud de la contractaci\u00f3 est\u00e0 supeditada a l&#8217;exist\u00e8ncia de vacant, de manera que l&#8217;abs\u00e8ncia de pla\u00e7a vacant determina que la contractaci\u00f3 efectuada es consideri fraudulenta per inexist\u00e8ncia de causa que la justifiqui i, \u00f2bviament, el contracte es consideri per temps indefinit i a jornada completa (SSTS 08\/06\/1995 i 20\/06\/2000).<\/p>\n<p>La conclusi\u00f3 que s&#8217;extreu de la doctrina del TJUE \u00e9s que, encara que el contracte de treball d&#8217;interinitat per vacant hagi complert l&#8217;art. 4.1 i 2.b RD 2720\/1998, una situaci\u00f3 en la qual un empleat p\u00fablic nomenat sobre la base d&#8217;una relaci\u00f3 de servei de durada determinada (fins que la pla\u00e7a vacant per a la qual ha estat nomenat sigui prove\u00efda de forma definitiva) ha ocupat, en el marc de diversos nomenaments o d&#8217;un nom\u00e9s durant un per\u00edode inusual i injustificadament llarg, el mateix lloc de treball de manera ininterrompuda durant diversos anys i ha exercit de forma constant i continuada les mateixes funcions, quan el manteniment de manera permanent de l&#8217;esmentat empleat p\u00fablic en aquesta pla\u00e7a vacant es degui a l&#8217;incompliment per part de l&#8217;ocupador de la seva obligaci\u00f3 legal d&#8217;organitzar un proc\u00e9s selectiu a l&#8217;objecte de proveir definitivament l&#8217;esmentada pla\u00e7a vacant, ha de ser considerada com fraudulenta; i, en conseq\u00fc\u00e8ncia, escau considerar que el personal inter\u00ed que ocupava la pla\u00e7a vacant ha de ser considerat com indefinit no fix.<\/p>\n<p>Aquesta Sala estima que, excepte molt comptades i limitades excepcions, els processos selectius no han de durar m\u00e9s de tres anys a comptar de la subscripci\u00f3 del contracte d&#8217;interinitat, de manera que si aix\u00ed succe\u00eds estar\u00edem en pres\u00e8ncia de durada injustificadament llarga. Tres anys \u00e9s el termini m\u00e0xim en qu\u00e8 s&#8217;han d&#8217;executar les ofertes d&#8217;ocupaci\u00f3 p\u00fablica segons l&#8217;article 70 EBEP.<\/p>\n<p>D&#8217;altra banda, a part d&#8217;aquesta Sent\u00e8ncia 649\/2021 de 28 juny. 2021 del Tribunal Suprem on s&#8217;estableix el dret dels interins a convertir-se en indefinits no fixos passats els 3 anys de temporalitat, es publica el Reial decret llei 14\/2021, de 6 de juliol, de mesures urgents per a la reducci\u00f3 de la temporalitat en l&#8217;ocupaci\u00f3 p\u00fablica, que pret\u00e9n refor\u00e7ar el car\u00e0cter temporal de la figura del personal inter\u00ed;aclarir els procediments d&#8217;acc\u00e9s a la condici\u00f3 de personal inter\u00ed;objectar les causes de cessament d&#8217;aquest personal i implantar un r\u00e8gim de responsabilitats que constitueixi un mecanisme proporcionat, efica\u00e7 i dissuasiu de futurs incompliments.<\/p>\n<p>En aquest nou RDL es modifica el text ref\u00f3s de la Llei de l&#8217;Estatut B\u00e0sic de l&#8217;Empleat P\u00fablic, aprovat pel Reial decret Legislatiu 5\/2015, de 30 d&#8217;octubre, que, primer, redacta que: s\u00f3n funcionaris interins els que s\u00f3n nomenats com a tals amb car\u00e0cter temporal per a l&#8217;exercici de funcions pr\u00f2pies de funcionari de carrera, quan es doni alguna de les seg\u00fcents circumst\u00e0ncies:<\/p>\n<ul>\n<li>a) L&#8217;exist\u00e8ncia de places vacants, quan no sigui possible la seva cobertura per funcionaris de carrera, per un m\u00e0xim de tres anys.<\/li>\n<li>b) La substituci\u00f3 transit\u00f2ria dels titulars, durant el temps estrictament necessari.<\/li>\n<li>c) L&#8217;execuci\u00f3 de programes de car\u00e0cter temporal, que no podr\u00e0 tenir una durada<br \/>\nsuperior a tres anys.<\/li>\n<li>d) L&#8217;exc\u00e9s o acumulaci\u00f3 de tasques per termini m\u00e0xim de nou mesos.<\/li>\n<\/ul>\n<p>D&#8217;altra banda, s&#8217;estableix que transcorreguts tres anys des del nomenament del personal funcionari inter\u00ed es produir\u00e0 la fi de la relaci\u00f3 d&#8217;interinitat, i la vacant nom\u00e9s podr\u00e0 ser ocupada per personal funcionari de carrera, llevat que el corresponent proc\u00e9s selectiu quedi desert, en aquest cas es podr\u00e0 efectuar un altre nomenament de personal funcionari inter\u00ed. Excepcionalment, el personal funcional inter\u00ed podr\u00e0 romandre a la pla\u00e7a que ocupi temporalment fins a la resoluci\u00f3 de la convocat\u00f2ria.<\/p>\n<p>D&#8217;altra banda, s&#8217;estableix que transcorreguts tres anys des del nomenament del personal funcionari inter\u00ed es produir\u00e0 la fi de la relaci\u00f3 d&#8217;interinitat, i la vacant nom\u00e9s podr\u00e0 ser ocupada per personal funcionari de carrera, llevat que el corresponent proc\u00e9s selectiu quedi desert, en aquest cas es podr\u00e0 efectuar un altre nomenament de personal funcionari inter\u00ed. Excepcionalment, el personal funcional inter\u00ed podr\u00e0 romandre a la pla\u00e7a que ocupi temporalment fins a la resoluci\u00f3 de la convocat\u00f2ria.<\/p>\n","protected":false},"excerpt":{"rendered":"<p>El Tribunal Suprem, Sala Quarta, del Social, en la Sent\u00e8ncia 649\/2021 de 28 juny. 2021, Rec. 3263\/2019 es rectifica per declarar el dret dels interins a convertir-se en indefinits no fixos passats els tres anys de temporalitat. Per al contracte d&#8217;interinitat per vacant que supera els tres anys de durada s&#8217;aplica la sent\u00e8ncia del TJUE [&hellip;]<\/p>\n","protected":false},"author":1,"featured_media":0,"comment_status":"closed","ping_status":"closed","sticky":false,"template":"","format":"standard","meta":{"_et_pb_use_builder":"","_et_pb_old_content":"","_et_gb_content_width":"","footnotes":""},"categories":[14],"tags":[],"class_list":["post-2210","post","type-post","status-publish","format-standard","hentry","category-noticies"],"_links":{"self":[{"href":"https:\/\/www.gestoriadelaguardia.com\/ca\/wp-json\/wp\/v2\/posts\/2210","targetHints":{"allow":["GET"]}}],"collection":[{"href":"https:\/\/www.gestoriadelaguardia.com\/ca\/wp-json\/wp\/v2\/posts"}],"about":[{"href":"https:\/\/www.gestoriadelaguardia.com\/ca\/wp-json\/wp\/v2\/types\/post"}],"author":[{"embeddable":true,"href":"https:\/\/www.gestoriadelaguardia.com\/ca\/wp-json\/wp\/v2\/users\/1"}],"replies":[{"embeddable":true,"href":"https:\/\/www.gestoriadelaguardia.com\/ca\/wp-json\/wp\/v2\/comments?post=2210"}],"version-history":[{"count":1,"href":"https:\/\/www.gestoriadelaguardia.com\/ca\/wp-json\/wp\/v2\/posts\/2210\/revisions"}],"predecessor-version":[{"id":4548,"href":"https:\/\/www.gestoriadelaguardia.com\/ca\/wp-json\/wp\/v2\/posts\/2210\/revisions\/4548"}],"wp:attachment":[{"href":"https:\/\/www.gestoriadelaguardia.com\/ca\/wp-json\/wp\/v2\/media?parent=2210"}],"wp:term":[{"taxonomy":"category","embeddable":true,"href":"https:\/\/www.gestoriadelaguardia.com\/ca\/wp-json\/wp\/v2\/categories?post=2210"},{"taxonomy":"post_tag","embeddable":true,"href":"https:\/\/www.gestoriadelaguardia.com\/ca\/wp-json\/wp\/v2\/tags?post=2210"}],"curies":[{"name":"wp","href":"https:\/\/api.w.org\/{rel}","templated":true}]}}