{"id":2208,"date":"2021-03-25T00:00:00","date_gmt":"2021-03-24T23:00:00","guid":{"rendered":"https:\/\/www.gestoriadelaguardia.com\/?p=2208"},"modified":"2025-04-30T13:41:50","modified_gmt":"2025-04-30T11:41:50","slug":"si-durant-el-2020-he-cobrat-erte-estic-obligada-a-fer-la-declaracio-de-la-renda","status":"publish","type":"post","link":"https:\/\/www.gestoriadelaguardia.com\/ca\/2021\/03\/si-durant-el-2020-he-cobrat-erte-estic-obligada-a-fer-la-declaracio-de-la-renda\/","title":{"rendered":"He cobrat un ERTE. Estic obligada a fer la declaraci\u00f3 de la renda?"},"content":{"rendered":"<p>Aquesta \u00e9s de ben segur la gran pregunta que es faran totes aquelles persones que durant el 2020 s\u2019han vist afectades parcial o totalment per un ERTE degut a la pand\u00e8mia del COVID-19 i per poder donar resposta s\u2019han de tenir en compte diferents factors.<\/p>\n<p>En primer lloc hem de tenir clar quan un contribuent est\u00e0 obligat per norma general a fer la declaraci\u00f3 de la renda. Aquesta obligaci\u00f3 neix segons el n\u00famero de pagadors que hagi tingut durant el 2020 i l\u2019import brut de cada un d\u2019ells, ja que el l\u00edmit en el m\u00ednim per fer la declaraci\u00f3 de la renda amb un sol pagador s\u00f3n 22.000,00\u20ac bruts l\u2019any, i de 14.000,00\u20ac bruts l\u2019any amb dos pagadors. Sempre i quan el segon pagador superi els 1.500,00\u20ac, ja que si no els supera el m\u00ednim per fer-la \u00e9s de 22.000,00\u20ac bruts l\u2019any inclosos primer i segon pagador.<\/p>\n<p>\u00c9s per aix\u00f2 que aquelles persones que s\u2019han vist afectades per un ERTE durant el 2020 i han cobrat entre els dos pagadors m\u00e9s de 14.000,00\u20ac bruts l\u2019any estaran obligats a fer la declaraci\u00f3 de la renda. Els imports cobrats per la Seguretat Social derivats de un ERTE es consideren un segon pagador, el mateix passa si s\u2019ha cobrat una prestaci\u00f3 d\u2019atur o qualsevol altre tipus de renda contributiva en el mateix exercici malgrat sigui una prestaci\u00f3 que derivi del primer pagador.<\/p>\n<p>La quantia a pagar o a retornar en el moment que neix aquesta obligaci\u00f3 dep\u00e8n del tipus de retenci\u00f3 aplicat en el primer pagador. Hem de tenir en compte que les prestacions de la Seguretat Social normalment no tenen cap tipus de retenci\u00f3, doncs el m\u00e9s probable \u00e9s que la retenci\u00f3 del primer pagador no compensi amb els imports cobrats del segon pagador i la declaraci\u00f3 de la renda tingui un resultat a ingressar.<\/p>\n<p>Davant l\u2019excepcionalitat del moment i de la complexitat que pot suposar presentar la declaraci\u00f3 de renda del 2020 recomanem que ho consultin en un professional o gestor administratiu que els pugui resoldre totes els dubtes que es puguin tenir.<\/p>\n<p>Goretti Molons<br \/>\nEconomista 16.069<\/p>\n","protected":false},"excerpt":{"rendered":"<p>Aquesta \u00e9s de ben segur la gran pregunta que es faran totes aquelles persones que durant el 2020 s\u2019han vist afectades parcial o totalment per un ERTE degut a la pand\u00e8mia del COVID-19 i per poder donar resposta s\u2019han de tenir en compte diferents factors. En primer lloc hem de tenir clar quan un contribuent [&hellip;]<\/p>\n","protected":false},"author":1,"featured_media":0,"comment_status":"closed","ping_status":"closed","sticky":false,"template":"","format":"standard","meta":{"_et_pb_use_builder":"","_et_pb_old_content":"","_et_gb_content_width":"","footnotes":""},"categories":[14],"tags":[],"class_list":["post-2208","post","type-post","status-publish","format-standard","hentry","category-noticies"],"_links":{"self":[{"href":"https:\/\/www.gestoriadelaguardia.com\/ca\/wp-json\/wp\/v2\/posts\/2208","targetHints":{"allow":["GET"]}}],"collection":[{"href":"https:\/\/www.gestoriadelaguardia.com\/ca\/wp-json\/wp\/v2\/posts"}],"about":[{"href":"https:\/\/www.gestoriadelaguardia.com\/ca\/wp-json\/wp\/v2\/types\/post"}],"author":[{"embeddable":true,"href":"https:\/\/www.gestoriadelaguardia.com\/ca\/wp-json\/wp\/v2\/users\/1"}],"replies":[{"embeddable":true,"href":"https:\/\/www.gestoriadelaguardia.com\/ca\/wp-json\/wp\/v2\/comments?post=2208"}],"version-history":[{"count":1,"href":"https:\/\/www.gestoriadelaguardia.com\/ca\/wp-json\/wp\/v2\/posts\/2208\/revisions"}],"predecessor-version":[{"id":4554,"href":"https:\/\/www.gestoriadelaguardia.com\/ca\/wp-json\/wp\/v2\/posts\/2208\/revisions\/4554"}],"wp:attachment":[{"href":"https:\/\/www.gestoriadelaguardia.com\/ca\/wp-json\/wp\/v2\/media?parent=2208"}],"wp:term":[{"taxonomy":"category","embeddable":true,"href":"https:\/\/www.gestoriadelaguardia.com\/ca\/wp-json\/wp\/v2\/categories?post=2208"},{"taxonomy":"post_tag","embeddable":true,"href":"https:\/\/www.gestoriadelaguardia.com\/ca\/wp-json\/wp\/v2\/tags?post=2208"}],"curies":[{"name":"wp","href":"https:\/\/api.w.org\/{rel}","templated":true}]}}