{"id":2207,"date":"2021-03-25T00:00:00","date_gmt":"2021-03-24T23:00:00","guid":{"rendered":"https:\/\/www.gestoriadelaguardia.com\/?p=2207"},"modified":"2025-04-30T13:41:49","modified_gmt":"2025-04-30T11:41:49","slug":"ja-estan-disponibles-les-dades-fiscals-a-hisenda","status":"publish","type":"post","link":"https:\/\/www.gestoriadelaguardia.com\/ca\/2021\/03\/ja-estan-disponibles-les-dades-fiscals-a-hisenda\/","title":{"rendered":"Ja estan disponibles les dades fiscals a hisenda"},"content":{"rendered":"<p>A partir d\u2019avui 24 de mar\u00e7 de 2020 ja es poden consultar les dades fiscals per a la declaraci\u00f3 de la renda del exercici 2020.<\/p>\n<p>El termini de presentaci\u00f3 de les declaracions comen\u00e7a el 7 d\u2019abril, a difer\u00e8ncia del 1 d\u2019abril dels anys anteriors.<\/p>\n<p><strong><span style=\"text-decoration: underline;\"><a href=\"https:\/\/www.agenciatributaria.gob.es\/AEAT.sede\/va_es\/procedimientoini\/G229.shtml\" target=\"_blank\" rel=\"noopener\">Segueix l&#8217;enlla\u00e7<\/a><\/span><\/strong><\/p>\n","protected":false},"excerpt":{"rendered":"<p>A partir d\u2019avui 24 de mar\u00e7 de 2020 ja es poden consultar les dades fiscals per a la declaraci\u00f3 de la renda del exercici 2020. El termini de presentaci\u00f3 de les declaracions comen\u00e7a el 7 d\u2019abril, a difer\u00e8ncia del 1 d\u2019abril dels anys anteriors. Segueix l&#8217;enlla\u00e7<\/p>\n","protected":false},"author":1,"featured_media":0,"comment_status":"closed","ping_status":"closed","sticky":false,"template":"","format":"standard","meta":{"_et_pb_use_builder":"","_et_pb_old_content":"","_et_gb_content_width":"","footnotes":""},"categories":[14],"tags":[],"class_list":["post-2207","post","type-post","status-publish","format-standard","hentry","category-noticies"],"_links":{"self":[{"href":"https:\/\/www.gestoriadelaguardia.com\/ca\/wp-json\/wp\/v2\/posts\/2207","targetHints":{"allow":["GET"]}}],"collection":[{"href":"https:\/\/www.gestoriadelaguardia.com\/ca\/wp-json\/wp\/v2\/posts"}],"about":[{"href":"https:\/\/www.gestoriadelaguardia.com\/ca\/wp-json\/wp\/v2\/types\/post"}],"author":[{"embeddable":true,"href":"https:\/\/www.gestoriadelaguardia.com\/ca\/wp-json\/wp\/v2\/users\/1"}],"replies":[{"embeddable":true,"href":"https:\/\/www.gestoriadelaguardia.com\/ca\/wp-json\/wp\/v2\/comments?post=2207"}],"version-history":[{"count":1,"href":"https:\/\/www.gestoriadelaguardia.com\/ca\/wp-json\/wp\/v2\/posts\/2207\/revisions"}],"predecessor-version":[{"id":4553,"href":"https:\/\/www.gestoriadelaguardia.com\/ca\/wp-json\/wp\/v2\/posts\/2207\/revisions\/4553"}],"wp:attachment":[{"href":"https:\/\/www.gestoriadelaguardia.com\/ca\/wp-json\/wp\/v2\/media?parent=2207"}],"wp:term":[{"taxonomy":"category","embeddable":true,"href":"https:\/\/www.gestoriadelaguardia.com\/ca\/wp-json\/wp\/v2\/categories?post=2207"},{"taxonomy":"post_tag","embeddable":true,"href":"https:\/\/www.gestoriadelaguardia.com\/ca\/wp-json\/wp\/v2\/tags?post=2207"}],"curies":[{"name":"wp","href":"https:\/\/api.w.org\/{rel}","templated":true}]}}