{"id":2206,"date":"2021-03-16T00:00:00","date_gmt":"2021-03-15T23:00:00","guid":{"rendered":"https:\/\/www.gestoriadelaguardia.com\/?p=2206"},"modified":"2025-04-30T13:41:52","modified_gmt":"2025-04-30T11:41:52","slug":"nou-ajornament-extraordinari-dimpostos-sense-interessos-el-2021-pel-covid-19","status":"publish","type":"post","link":"https:\/\/www.gestoriadelaguardia.com\/ca\/2021\/03\/nou-ajornament-extraordinari-dimpostos-sense-interessos-el-2021-pel-covid-19\/","title":{"rendered":"Nou ajornament extraordinari d&#8217;impostos sense interessos el 2021 pel covid-19"},"content":{"rendered":"<p><b>AJORNAMENT DE DEUTES TRIBUTARIS<\/b><\/p>\n<p><span style=\"font-weight: 400;\">Es publica el Reial decret llei 35\/2020, de data 22 de desembre, a on s&#8217;apliquen unes mesures urgents d&#8217;ajuda als sectors m\u00e9s vulnerables que han patit amb aquesta crisi de l&#8217;COVID-19 amb l&#8217;objectiu de frenar una mica el seu impacte. S&#8217;aplicaran sobre el sector tur\u00edstic, l&#8217;hostaleria i el comer\u00e7 i en mat\u00e8ria tribut\u00e0ria.<\/span><\/p>\n<p><span style=\"font-weight: 400;\">Una de les mesures que es contemplen per a les empreses \u00e9s la de la flexibilitzaci\u00f3 en mat\u00e8ria d&#8217;ajornaments i s&#8217;estableix que per al pagament d&#8217;impostos de PIMES i aut\u00f2noms se&#8217;ls concedeixi un ajornament de pagament d&#8217;impostos de sis mesos amb una car\u00e8ncia d&#8217;interessos de tres mesos, pr\u00e8via sol\u00b7licitud per a les autoliquidacions a presentar entre l&#8217;1 i el 30 d&#8217;abril de 2021. Aquestes mesures ja s&#8217;havien aplicat en el Reial decret llei 7\/2020 de 12 mar\u00e7 per al primer trimestre de 2020.<\/span><\/p>\n<p><span style=\"font-weight: 400;\">En l&#8217;article 8 de Reial Decret indica que es concedir\u00e0 l&#8217;ajornament de l&#8217;ingr\u00e9s del deute tributari a totes les declaracions-liquidacions i autoliquidacions el termini de presentaci\u00f3 i ingr\u00e9s es realitzi en el primer trimestre del l&#8217;any 2021, \u00e9s a dir, des del dia 1 d&#8217;abril fins al dia 30 d&#8217;abril (ambd\u00f3s inclosos), i les sol\u00b7licituds presentades corresponguin \u00fanicament, a deutes tributaris fins a 30.000 \u20ac d&#8217;import m\u00e0xim (incl\u00f2s la resta de sol\u00b7licituds d&#8217;ajornament \/ fraccionament sense garanties concedides o pendents de resoluci\u00f3). Posem un exemple: Si l&#8217;ingr\u00e9s a realitzar \u00e9s de 32.000 \u20ac i hi ha un ajornament concedit per 6.000 \u20ac, nom\u00e9s podr\u00e0 sol\u00b7licitar-se l&#8217;ajornament extraordinari per 24.000 \u20ac, havent de pagar o demanar un ajornament amb garanties corresponent als 8.000 \u20ac restants.<\/span><\/p>\n<p><span style=\"font-weight: 400;\">A m\u00e9s dels avantatges esmentades anteriorment que proporciona aquest nou decret, dir tamb\u00e9 que pot sol\u00b7licitar-se fins i tot per retencions i ingressos a compte (models 111, 115, 123 &#8230;), tributs que hagin de ser legalment repercutits (model 303 d&#8217;IVA) o pagaments fraccionats de l&#8217; Impost de Societats (models 202 i 222), que no poden ser ajornats en condicions normals.\u00a0<\/span><\/p>\n<p>&nbsp;<\/p>\n<p><span style=\"font-weight: 400;\">Aix\u00ed doncs, les condicions d&#8217;aquest ajornament extraordinari s\u00f3n:<\/span><\/p>\n<p>&nbsp;<\/p>\n<ul>\n<li style=\"font-weight: 400;\" aria-level=\"1\"><span style=\"font-weight: 400;\">Termini d&#8217;ajornament de 6 mesos.<\/span><\/li>\n<li style=\"font-weight: 400;\" aria-level=\"1\"><span style=\"font-weight: 400;\">No es meriten interessos de demora durant els 3 primers mesos de l&#8217;any.<\/span><\/li>\n<li style=\"font-weight: 400;\" aria-level=\"1\"><span style=\"font-weight: 400;\">Nom\u00e9s podran sol\u00b7licitar aquest ajornament dels deutes tributaris amb aquestes condicions entre l&#8217;1 i el 30 d&#8217;abril de 2021 les persones i entitats amb un volum d&#8217;operacions no superior a 6.010.121,04 \u20ac en l&#8217;any 2020.<\/span><\/li>\n<\/ul>\n<p><b>Impost sobre la Renda DE LES PERSONES FISIQUES<\/b><\/p>\n<p><b>Reducci\u00f3 en 2020 de el rendiment net calculat pel m\u00e8tode d&#8217;estimaci\u00f3 objectiva<\/b><\/p>\n<p><span style=\"font-weight: 400;\">S&#8217;incrementa la reducci\u00f3 prevista en la DA 1\u00aa de l&#8217;Ordre HAC \/ 1164\/2019, de 22 de novembre, per la qual es desenvolupa per a l&#8217;any 2020 el m\u00e8tode d&#8217;estimaci\u00f3 objectiva de l&#8217;IRPF (aquesta preveia una reducci\u00f3 general de l&#8217;5% per a totes les activitats).<\/span><\/p>\n<p><span style=\"font-weight: 400;\">Per tant,<\/span><b>per a l&#8217;exercici 2020<\/b><span style=\"font-weight: 400;\">seran aplicables els seg\u00fcents percentatges de reducci\u00f3:<\/span><\/p>\n<ol>\n<li style=\"font-weight: 400;\" aria-level=\"1\"><span style=\"font-weight: 400;\">Per a les seg\u00fcents activitats, un<\/span><b> 20 per<\/b><span style=\"font-weight: 400;\">100:<\/span>\n<ul>\n<li style=\"font-weight: 400;\" aria-level=\"2\"><span style=\"font-weight: 400;\">Dins de la Divisi\u00f3 0 de l&#8217;IAE:<\/span>\n<ul>\n<li style=\"font-weight: 400;\" aria-level=\"3\"><span style=\"font-weight: 400;\">Ramaderia independent.<\/span><\/li>\n<li style=\"font-weight: 400;\" aria-level=\"3\"><span style=\"font-weight: 400;\">Serveis de cria, guarda i engreix de bestiar.<\/span><\/li>\n<li style=\"font-weight: 400;\" aria-level=\"3\"><span style=\"font-weight: 400;\">Altres treballs, serveis i activitats accessoris realitzats per agricultors o ramaders que estiguin exclosos o no inclosos en el r\u00e8gim especial de l&#8217;agricultura, ramaderia i pesca de l&#8217;IVA.<\/span><\/li>\n<li style=\"font-weight: 400;\" aria-level=\"3\"><span style=\"font-weight: 400;\">Altres treballs, serveis i activitats accessoris realitzats per titulars d&#8217;activitats forestals que estiguin exclosos o no inclosos en el r\u00e8gim especial de l&#8217;agricultura, ramaderia i pesca de l&#8217;IVA.<\/span><\/li>\n<li style=\"font-weight: 400;\" aria-level=\"3\"><span style=\"font-weight: 400;\">Aprofitaments que corresponguin a l&#8217;cedent en les activitats agr\u00edcoles desenvolupades en r\u00e8gim de parceria.<\/span><\/li>\n<li style=\"font-weight: 400;\" aria-level=\"3\"><span style=\"font-weight: 400;\">Aprofitaments que corresponguin a l&#8217;cedent en les activitats forestals desenvolupades en r\u00e8gim de parceria.<\/span><\/li>\n<li style=\"font-weight: 400;\" aria-level=\"3\"><span style=\"font-weight: 400;\">Processos de transformaci\u00f3, elaboraci\u00f3 o manufactura de productes naturals, vegetals o animals, que requereixen l&#8217;alta en un ep\u00edgraf corresponent a activitats industrials en les tarifes de l&#8217;IAE i es realitzin pels titulars de les explotacions de les quals s&#8217;obtinguin directament els productes naturals.<\/span><\/li>\n<li style=\"font-weight: 400;\" aria-level=\"3\"><span style=\"font-weight: 400;\">Agr\u00edcola o ramadera susceptible d&#8217;estar inclosa en el r\u00e8gim especial de l&#8217;agricultura, ramaderia i pesca de l&#8217;IVA.<\/span><\/li>\n<li style=\"font-weight: 400;\" aria-level=\"3\"><span style=\"font-weight: 400;\">Activitat forestal susceptible d&#8217;estar inclosa en el r\u00e8gim especial de l&#8217;agricultura, ramaderia i pesca de l&#8217;IVA.<\/span><\/li>\n<li style=\"font-weight: 400;\" aria-level=\"3\"><span style=\"font-weight: 400;\">Producci\u00f3 de musclo en musclera.<\/span><\/li>\n<\/ul>\n<\/li>\n<li style=\"font-weight: 400;\" aria-level=\"2\"><span style=\"font-weight: 400;\">Les corresponents als seg\u00fcents ep\u00edgrafs de les tarifes de l&#8217;IAE: 419.1; 419.2; 419.3; 423.9; 641; 642.1, 2, 3 i 4; 642.5; 642.6; 643.1 i 2; 644.1; 644.2; 644.3; 644.6; 647.1; 647.2 i 3; 659.4 (comer\u00e7 a l&#8217;detall de premsa, revistes i llibres en quioscos situats a la via p\u00fablica); 691.1; 691.2; 691.9; 691.9; 692; 699; 721.2; 722; 751.5; 757; 849.5; 933.1; 933.9; 967.2; 971.1; 972.1; 972.2 i 973.3.<\/span><\/li>\n<\/ul>\n<\/li>\n<\/ol>\n<p>&nbsp;<\/p>\n<ol>\n<li style=\"font-weight: 400;\" aria-level=\"1\"><span style=\"font-weight: 400;\">Per a les seg\u00fcents activitats un <\/span><b>35 per<\/b><span style=\"font-weight: 400;\">100:<\/span><\/li>\n<\/ol>\n<p><span style=\"font-weight: 400;\">Les corresponents als seg\u00fcents ep\u00edgrafs de les tarifes de l&#8217;IAE: 651.1; 651.2; 651.3 i 5; 651.4; 651.6; 652.2 i 3; 653.1; 653.2; 653.3; 653.4 i 5; 653.9; 654.2; 654.5; 654.6; 659.2; 659.3; 659.4 (comer\u00e7 a l&#8217;detall de llibres, peri\u00f2dics, articles de papereria i escriptori i articles de dibuix i belles arts, excepte en quioscos situats a la via p\u00fablica); 659.6; 659.7; 662.2; 663.1; 663.2; 663.3; 663.4; 663.9; 671.4, 671.5; 672.1, 2 i 3; 673.1; 673.2; 675, 676, 681; 682; 683 i 721.1 i 3.<\/span><\/p>\n<p><span style=\"font-weight: 400;\">(Article 9.1 de Reial decret llei)<\/span><\/p>\n<p><b>Regles especials aplicables per a l&#8217;exercici 2020 per a la determinaci\u00f3 de l&#8217;rendiment net de les activitats econ\u00f2miques pel m\u00e8tode d&#8217;estimaci\u00f3 objectiva de l&#8217;IRPF<\/b><\/p>\n<p><span style=\"font-weight: 400;\">S&#8217;estableixen per a l&#8217;exercici 2020 les seg\u00fcents regles:<\/span><\/p>\n<ul>\n<li style=\"font-weight: 400;\" aria-level=\"1\"><span style=\"font-weight: 400;\">no es computar\u00e0, en cap cas, com a per\u00edode en el qual s&#8217;hagu\u00e9s exercit l&#8217;activitat:<\/span>\n<ul>\n<li style=\"font-weight: 400;\" aria-level=\"2\"><span style=\"font-weight: 400;\">els dies en qu\u00e8 va estar declarat l&#8217;estat d&#8217;alarma en el primer semestre del 2020.<\/span><\/li>\n<li style=\"font-weight: 400;\" aria-level=\"2\"><span style=\"font-weight: 400;\">els dies de el segon semestre del 2020 en qu\u00e8, estant declarat o no estat d&#8217;alarma, l&#8217;exercici efectiu de l&#8217;activitat econ\u00f2mica s&#8217;hagu\u00e9s vist susp\u00e8s com a conseq\u00fc\u00e8ncia de les mesures implantades per corregir l&#8217;evoluci\u00f3 de la situaci\u00f3 epidemiol\u00f2gica derivada de la SARS-CoV-2.<\/span><\/li>\n<\/ul>\n<\/li>\n<li style=\"font-weight: 400;\" aria-level=\"1\"><span style=\"font-weight: 400;\">Amb refer\u00e8ncia als m\u00f2duls de &#8220;personal assalariat&#8221;, &#8220;personal no assalariat&#8221; i &#8220;personal empleat&#8221; no es computaran com a hores treballades les corresponents als dies a qu\u00e8 es refereix el punt anterior.<\/span><\/li>\n<li style=\"font-weight: 400;\" aria-level=\"1\"><span style=\"font-weight: 400;\">Amb refer\u00e8ncia als m\u00f2duls de &#8220;dist\u00e0ncia recorreguda&#8221; i &#8220;consum d&#8217;energia el\u00e8ctrica&#8221; no es computaran els quil\u00f2metres recorreguts ni els quilowatts \/ hora que proporcionalment corresponguin als dies a qu\u00e8 es refereix el primer punt.<\/span><\/li>\n<\/ul>\n<p><span style=\"font-weight: 400;\">(Article 11.1 de Reial decret llei)<\/span><\/p>\n<p><b>C\u00e0lcul de la quantitat a ingressar de l&#8217;pagament fraccionat corresponent a el quart trimestre del 2020<\/b><\/p>\n<p><span style=\"font-weight: 400;\">Aquells contribuents que desenvolupin activitats econ\u00f2miques diferents de les agr\u00edcoles, ramaderes i forestals, i per les que determinin el seu rendiment net pel m\u00e8tode d&#8217;estimaci\u00f3 objectiva i quantifiquin l&#8217;import dels pagaments fraccionats de les activitats en funci\u00f3 de l&#8217;rendiment net de la mateixa, per a realitzar el c\u00e0lcul de la quantitat a ingressar de<\/span><b>l&#8217;pagamentfraccionat<\/b><span style=\"font-weight: 400;\">corresponent a el<\/span><b>quart trimestre del 2020:<\/b><\/p>\n<ul>\n<li style=\"font-weight: 400;\" aria-level=\"1\"><span style=\"font-weight: 400;\">No computaran com a dies d&#8217;exercici de la activitat, en cap cas, els dies naturals en qu\u00e8 l&#8217;exercici de l&#8217;activitat s&#8217;hagu\u00e9s vist susp\u00e8s com a conseq\u00fc\u00e8ncia de les mesures implantades per l&#8217;autoritat competent per corregir l&#8217;evoluci\u00f3 de la situaci\u00f3 epidemiol\u00f2gica derivada de la SARS-CoV-2.<\/span><\/li>\n<li style=\"font-weight: 400;\" aria-level=\"1\"><span style=\"font-weight: 400;\">S&#8217;aplicaran els percentatges de reducci\u00f3 amb car\u00e0cter general en aquest Reial decret llei segons l&#8217;activitat desenvolupada (20% o 35%).<\/span><\/li>\n<\/ul>\n<p><b>C\u00e0lcul de la quantitat a ingressar de l&#8217;pagament fraccionat corresponent a el primer trimestre del al 2021<\/b><\/p>\n<p><span style=\"font-weight: 400;\">Aquells contribuents que desenvolupin activitats econ\u00f2miques, que no siguin les agr\u00edcoles, ramaderes i forestals, i per les que determinin el seu rendiment net pel m\u00e8tode d&#8217;estimaci\u00f3 objectiva i quantifiquin l&#8217;import dels pagaments fraccionats de les activitats en funci\u00f3 de l&#8217;rendiment net de la mateixa, per al c\u00e0lcul de la quantitat a ingressar de<\/span><b>l&#8217;pagamentfraccionat<\/b><span style=\"font-weight: 400;\">corresponent a el<\/span><b>primer trimestre del 2021<\/b><span style=\"font-weight: 400;\">s&#8217;aplicaran els percentatges de reducci\u00f3 establerts amb car\u00e0cter general en aquest Reial decret llei depenent de l&#8217;activitat desenvolupada (20% o 35%).<\/span><\/p>\n<p><b>Reducci\u00f3 de el nombre de per\u00edodes impositius afectats per la ren\u00fancia a l&#8217;m\u00e8tode d&#8217;estimaci\u00f3 objectiva en l&#8217;IRPF corresponent als exercicis 2020 i 2021<\/b><\/p>\n<p><span style=\"font-weight: 400;\">Es redueix<\/span><b>per als exercicis 2020 i 2021<\/b><span style=\"font-weight: 400;\">el termini en el qual els contribuents de l&#8217;IRPF han de determinar obligat\u00f2riament el seu rendiment net pel m\u00e8tode d&#8217;estimaci\u00f3 directa despr\u00e9s d&#8217;haver renunciat a el d&#8217;estimaci\u00f3 objectiva, \u00e9s a dir, podran tornar a m\u00e8tode d&#8217;estimaci\u00f3 objectiva abans de transcorregut el termini m\u00ednim de 3 anys que, amb car\u00e0cter general, s&#8217;estableix en la normativa de l&#8217;IRPF.<\/span><\/p>\n<p><span style=\"font-weight: 400;\">Aquesta reducci\u00f3 de l&#8217;termini m\u00ednim s&#8217;aplicar\u00e0 a aquells contribuents que es trobin en una situaci\u00f3 igual a les que es nomenaran a continuaci\u00f3:<\/span><\/p>\n<ol>\n<li style=\"font-weight: 400;\" aria-level=\"1\"><span style=\"font-weight: 400;\">Els contribuents que han renunciat a l&#8217;m\u00e8tode d&#8217;estimaci\u00f3 objectiva per al 2020, b\u00e9 per haver presentat el pagament fraccionat del primer trimestre del l&#8217; exercici 2020 pel m\u00e8tode d&#8217;estimaci\u00f3 directa (model 130) b\u00e9 per haver optat pel m\u00e8tode d&#8217;estimaci\u00f3 directa en la declaraci\u00f3 censal d&#8217;inici d&#8217;activitat a partir d&#8217;1 d&#8217;abril de 2020, poden tornar a determinar el seu rendiment net pel m\u00e8tode d&#8217; estimaci\u00f3 objectiva per a l&#8217;exercici 2021 o 2022, sempre que compleixin els requisits per a la seva aplicaci\u00f3.<\/span><\/li>\n<\/ol>\n<p><span style=\"font-weight: 400;\">La manera de tornar a l&#8217;m\u00e8tode d&#8217;estimaci\u00f3 directa ser\u00e0 de la seg\u00fcent manera:<\/span><\/p>\n<ol>\n<li style=\"font-weight: 400;\" aria-level=\"2\"><span style=\"font-weight: 400;\">Revocaci\u00f3 la ren\u00fancia durant el mes de desembre anterior a l&#8217;inici de l&#8217;any natural en qu\u00e8 hagi de tenir efecte o, si escau, en el termini extraordinari que pogu\u00e9s establir-se per a aix\u00f2. Per a l&#8217;exercici 2021 aquest termini \u00e9s des del 24 de desembre de 2020 fins al 31 de gener de 2021.<\/span><\/li>\n<li style=\"font-weight: 400;\" aria-level=\"2\"><span style=\"font-weight: 400;\">Presentant el pagament fraccionat del primer trimestre corresponent a l&#8217;exercici 2021 en el termini de declaraci\u00f3 (de l&#8217;1 a l&#8217;20 d&#8217;abril) en la forma establerta per al m\u00e8tode d&#8217;estimaci\u00f3 objectiva (model 131).<\/span><\/li>\n<\/ol>\n<ol>\n<li style=\"font-weight: 400;\" aria-level=\"1\"><span style=\"font-weight: 400;\">Els contribuents que han renunciat a l&#8217;m\u00e8tode d&#8217;estimaci\u00f3 objectiva per al 2021, b\u00e9 per haver renunciat a aquest m\u00e8tode durant el mes de desembre anterior a l&#8217;inici de l&#8217;any natural en qu\u00e8 hagi de tenir efecte o b\u00e9 per haver presentat el pagament fraccionat del primer trimestre del l&#8217;exercici 2021 pel m\u00e8tode d&#8217;estimaci\u00f3 directa (model 130) poden tornar a determinar el seu rendiment net pel m\u00e8tode d&#8217;estimaci\u00f3 objectiva, per a l&#8217;exercici 2022, sempre que compleixin els requisits per a la seva aplicaci\u00f3.<\/span><\/li>\n<\/ol>\n<p><span style=\"font-weight: 400;\">La forma de tornar a el m\u00e8tode d&#8217;estimaci\u00f3 objectiva, en aquest cas, ser\u00e0:<\/span><\/p>\n<ol>\n<li style=\"font-weight: 400;\" aria-level=\"2\"><span style=\"font-weight: 400;\">Revocaci\u00f3 la ren\u00fancia en el termini establert per a aix\u00f2. Per a l&#8217;exercici 2022 aquest termini ser\u00e0 el mes de desembre de 2021.<\/span><\/li>\n<li style=\"font-weight: 400;\" aria-level=\"2\"><span style=\"font-weight: 400;\">Presentant el pagament fraccionat del primer trimestre en el termini de declaraci\u00f3 (1 a 20 d&#8217;abril) en la forma establerta per al m\u00e8tode d&#8217;estimaci\u00f3 objectiva (model 131) corresponent a l&#8217;exercici 2022.<\/span><\/li>\n<\/ol>\n<p><b>termini de ren\u00fancies i revocacions a el m\u00e8tode d&#8217;estimaci\u00f3 objectiva de l&#8217;Impost sobre la Renda de les Persones F\u00edsiques<\/b><\/p>\n<p><span style=\"font-weight: 400;\">el termini per a la presentaci\u00f3 de les ren\u00fancies a l&#8217;m\u00e8tode d&#8217;estimaci\u00f3 objectiva de l&#8217;IRPF, aix\u00ed com de les revocacions de les mateixes, ser\u00e0 des del 24 de desembre de 2020 fins a 31 de gener de 2021.<\/span><\/p>\n<p><span style=\"font-weight: 400;\">Les ren\u00fancies i revocacions presentades per a l&#8217;any 2021 a l&#8217;m\u00e8tode d&#8217;estimaci\u00f3 objectiva de l&#8217;IRPF durant el mes de desembre de 2020, amb anterioritat a l&#8217;inici de l&#8217;termini previst en el par\u00e0graf anterior, s&#8217;entenen presentades en per\u00edode h\u00e0bil, podent ser modificada l&#8217;opci\u00f3 realitzada en el termini previst en l&#8217;esmentat par\u00e0graf anterior.<\/span><\/p>\n<p><b>Reducci\u00f3 de l&#8217;termini perqu\u00e8 les quantitats degudes pels arrendataris tinguin la consideraci\u00f3 de saldo de dubt\u00f3s cobrament<\/b><\/p>\n<p><span style=\"font-weight: 400;\">Per als<\/span><b>exercicis 2020 i<\/b><span style=\"font-weight: 400;\">2021,s&#8217;ha redu\u00eft el termini a<\/span><b>tres mesos<\/b><span style=\"font-weight: 400;\">perqu\u00e8 les quantitats degudes pels arrendataris tinguin la consideraci\u00f3 de saldo de dubt\u00f3s cobrament (amb anterioritat el termini era de sis mesos).<\/span><\/p>\n<p><span style=\"font-weight: 400;\">Es consideraran inclosos en les despeses dedu\u00efbles per a la determinaci\u00f3 de l&#8217;rendiment net de l&#8217;capital immobiliaris els saldos de dubt\u00f3s cobrament sempre que aquesta circumst\u00e0ncia quedi suficientment justificada.<\/span><\/p>\n<p><span style=\"font-weight: 400;\">En els<\/span><b>exercicis 2020 i<\/b><span style=\"font-weight: 400;\">2021,s&#8217;ent\u00e9n complert aquest requisit quan entre el moment de la primera gesti\u00f3 de cobrament realitzada pel contribuent i el de la finalitzaci\u00f3 de el per\u00edode impositiu hagin transcorregut<\/span><b>m\u00e9s de tres<\/b><span style=\"font-weight: 400;\">mesos,i no s&#8217;hagu\u00e9s produ\u00eft una renovaci\u00f3 de cr\u00e8dit .<\/span><\/p>\n<p><b>Incentiu fiscal per fomentar la rebaixa de la renda arrendat\u00edcia<\/b><\/p>\n<p><b>Per a l&#8217;exercici<\/b><span style=\"font-weight: 400;\">2021,els arrendadors, diferents d&#8217;empresa o entitat p\u00fablica o un gran forquilla, que haguessin subscrit un contracte d&#8217;arrendament per a \u00fas diferent d&#8217;habitatge amb un arrendatari que hagu\u00e9s destinat l&#8217;immoble a l&#8217; desenvolupament d&#8217;activitat econ\u00f2mica classificada a la divisi\u00f3 6 de o en els grups 755, 969, 972 i 973 de la secci\u00f3 primera de les Tarifes de l&#8217;IAE, podran computar, per al c\u00e0lcul de l&#8217;rendiment de l&#8217;capital immobiliari, com a despesa dedu\u00efble la quantia de la rebaixa en la renda de l&#8217;arrendament que volunt\u00e0riament hagin acordat a partir de 14 de mar\u00e7 de 2020 corresponents a les mensualitats meritades en els mesos de gener, febrer i mar\u00e7 de 2021.<\/span><\/p>\n<p><span style=\"font-weight: 400;\">l&#8217;arrendador ha d&#8217;informar separadament en la declaraci\u00f3 de l&#8217;import de despesa dedu\u00efble, consignant aix\u00ed mateix el n\u00famero d&#8217;identificaci\u00f3 fiscal de l&#8217;arrendatari la renda s&#8217;hagu\u00e9s rebaixat.<\/span><\/p>\n<p><b>Rendiment de treball en esp\u00e8cie exempt<\/b><\/p>\n<p><span style=\"font-weight: 400;\">Els lliuraments a empleats de productes a preus rebaixats que es realitzin en cantines o menjadors d&#8217;empreses o economats de car\u00e0cter social estaran exemptes. Tenen la consideraci\u00f3 de lliurament de productes a preus rebaixats que es realitzen en menjadors d&#8217;empresa les f\u00f3rmules indirectes de prestaci\u00f3 de servei.<\/span><\/p>\n<p><span style=\"font-weight: 400;\">Amb efectes<\/span><b>d&#8217;1 de gener de 2020<\/b><span style=\"font-weight: 400;\"> la exempci\u00f3 assenyalada ser\u00e0 aplicable amb independ\u00e8ncia que el servei es presti en el mateix local de l&#8217;establiment d&#8217;hostaleria o fora d&#8217;aquest, pr\u00e8via recollida per l&#8217;empleat o mitjan\u00e7ant el seu lliurament en el seu centre de treball o en el lloc triat per aquell per desenvolupar la feina en els dies en qu\u00e8 aquest es realitzi a dist\u00e0ncia o mitjan\u00e7ant teletreball.<\/span><\/p>\n<p>&nbsp;<\/p>\n<p><b>IMPOST SOBRE SOCIETATS<\/b><\/p>\n<p><b>Deducibilidad de p\u00e8rdues per deteriorament dels cr\u00e8dits derivades de les possibles insolv\u00e8ncies de deutors en empreses de redu\u00efda dimensi\u00f3 en els per\u00edodes impositius que s&#8217;inici\u00efn el 2020 i 2021<\/b><\/p>\n<p><span style=\"font-weight: 400;\">Els contribuents de l&#8217;Impost de societats poden deduir, en aquests per\u00edodes, les p\u00e8rdues per deteriorament dels cr\u00e8dits derivades de les possibles insolv\u00e8ncies de deutors quan en el moment de la meritaci\u00f3 de l&#8217;impost el termini que hagi transcorregut des del venciment de l&#8217;obligaci\u00f3 a qu\u00e8 es refereix la lletra a) de l&#8217;apartat 1 de l&#8217;article 13 de l&#8217;esmentada Llei sigui de tres mesos.<\/span><\/p>\n<p><span style=\"font-weight: 400;\">Es modifica l&#8217;antiguitat exigida per deduir les p\u00e8rdues per deteriorament dels cr\u00e8dits derivades de les possibles insolv\u00e8ncies de deutors de manera que els sis mesos que s&#8217;exigeix que hagin transcorregut entre el venciment de l&#8217;obligaci\u00f3 i la meritaci\u00f3 de l&#8217;impost es redueixen a tres mesos per les empreses de redu\u00efda dimensi\u00f3.<\/span><\/p>\n<p><b>MODIFICACI\u00d3 DE LA LLEI DE L&#8217;IMPOST SOBRE EL VALOR AFEGIT<\/b><\/p>\n<p><b>Reducci\u00f3 en 2020 de la quota meritada per operacions corrents de el r\u00e8gim simplificat<\/b><\/p>\n<p><span style=\"font-weight: 400;\">S&#8217;aplica una reducci\u00f3 en un 20 per cent de l&#8217;import de les quotes meritades per operacions corrents, corresponents a les activitats econ\u00f2miques diferents de les agr\u00edcoles, ramaderes i forestals. Aquesta reducci\u00f3 \u00e9s de l&#8217;35 per cent per a les activitats de comer\u00e7 a l&#8217;detall, hostaleria i transport classificades en els seg\u00fcents ep\u00edgrafs d&#8217;IAE: 653.2, 653.4 i 5, 654.2, 654.5, 654.6, 659.3, 663.1, 671.4, 671.5, 672.1, 2 i 3, 673.1, 673.2, 675, 676, 681, 682, 683 i 721.1 i 3.<\/span><\/p>\n<p><span style=\"font-weight: 400;\">(Article 9.4 de Reial decret llei)<\/span><\/p>\n<p><b>C\u00e0lcul de la quantitat a ingressar de l&#8217;ingr\u00e9s a compte corresponent a el primer trimestre del al 2021<\/b><\/p>\n<p><span style=\"font-weight: 400;\">Aquells empresaris que realitzin les activitats esmentades anteriorment podran reduir en la mateixa proporci\u00f3 d&#8217;un 20 o 35 per cent,<\/span> <span style=\"font-weight: 400;\">segons el cas, els percentatges per al c\u00e0lcul de l&#8217;ingr\u00e9s a compte corresponent a la primera quota trimestral de l&#8217;exercici 2021.<\/span><\/p>\n<p><b>Eliminaci\u00f3 de la vinculaci\u00f3 obligat\u00f2ria de tres anys per a la ren\u00fancia a l&#8217;m\u00e8tode d&#8217;estimaci\u00f3 objectiva de l&#8217;IRPF i als r\u00e8gims simplificat i de l&#8217;agricultura, ramaderia i pesca de l&#8217;IVA<\/b><\/p>\n<p><span style=\"font-weight: 400;\">la ren\u00fancia a l&#8217;m\u00e8tode d&#8217;estimaci\u00f3 objectiva en l&#8217;IRPF i la posterior revocaci\u00f3 a qu\u00e8 es refereixen els par\u00e0grafs seg\u00fcents tindr\u00e0 els mateixos efectes respecte dels r\u00e8gims especials simplificat i de l&#8217;agricultura de l&#8217;IVA.\u00a0<\/span><\/p>\n<p><span style=\"font-weight: 400;\">Els contribuents de l&#8217;IRPF el rendiment net es determini d&#8217;acord amb el m\u00e8tode d&#8217;estimaci\u00f3 directa per haver renunciat per a l&#8217;exercici 2020 a l&#8217;m\u00e8tode d&#8217;estimaci\u00f3 objectiva podran tornar a determinar el rendiment net de la seva activitat econ\u00f2mica d&#8217;acord amb el m\u00e8tode d&#8217;estimaci\u00f3 objectiva en l&#8217;exercici 2021 o 2022, sempre que compleixin els requisits per a la seva aplicaci\u00f3 i revoquin la ren\u00fancia realitzada en el termini previst a la lletra a) de l&#8217;apartat 1 de l&#8217;article 33 de el Reglament de l&#8217;Impost o mitjan\u00e7ant la presentaci\u00f3 en termini de la declaraci\u00f3 corresponent a l&#8217;pagament fraccionat del primer trimestre del l&#8217;exercici 2021 o 2022, segons correspongui, en la forma disposada per al m\u00e8tode d&#8217;estimaci\u00f3 objectiva.<\/span><\/p>\n<p><span style=\"font-weight: 400;\">Els contribuents de l&#8217;IRPF que desenvolupin activitats econ\u00f2miques el rendiment net es determini d&#8217;acord amb el m\u00e8tode d&#8217;estimaci\u00f3 objectiva i renunci\u00efn a l&#8217;aplicaci\u00f3 de la mateixa per a l&#8217;exercici 2021, podran tornar a determinar el rendiment net de la seva activitat econ\u00f2mica d&#8217;acord amb el m\u00e8tode d&#8217;estimaci\u00f3 objectiva en l&#8217;exercici 2022, sempre que compleixin els requisits per a la seva aplicaci\u00f3 i revoquin la ren\u00fancia en el termini que preveu la lletra a) de l&#8217;apartat 1 de l&#8217;article 33 de el Reglament de l&#8217;Impost o mitjan\u00e7ant la presentaci\u00f3 en termini de la declaraci\u00f3 corresponent a l&#8217;pagament fraccionat de l&#8217; primer trimestre del l&#8217;exercici 2022 en la forma disposada per al m\u00e8tode d&#8217;estimaci\u00f3 objectiva.<\/span><\/p>\n<p><span style=\"font-weight: 400;\">(Article 10.3 de Reial decret llei)<\/span><\/p>\n<p><b>Incid\u00e8ncia dels estats d&#8217;alarma decretats en 2020 en el c\u00e0lcul de la quota meritada per operacions corrents de el r\u00e8gim simplificat de l&#8217;IVA en aquest per\u00edode<\/b><\/p>\n<p><span style=\"font-weight: 400;\">No es computar\u00e0, en cap cas, com a per\u00edode en el qual es hagu\u00e9s exercit l&#8217;activitat, els dies en qu\u00e8 va estar declarat l&#8217;estat d&#8217;alarma en el primer semestre del 2020, aix\u00ed com els dies de el segon semestre del 2020 en qu\u00e8, estant declarat o no l&#8217;estat d&#8217;alarma, l&#8217;exercici efectiu de l&#8217;activitat econ\u00f2mica s&#8217;hagu\u00e9s vist susp\u00e8s com a conseq\u00fc\u00e8ncia de les mesures implantades per corregir l&#8217;evoluci\u00f3 de la situaci\u00f3 epidemiol\u00f2gica derivada de la SARS-CoV-2.<\/span><\/p>\n<p><span style=\"font-weight: 400;\">Fent refer\u00e8ncia als m\u00f2duls de &#8220;personal assalariat&#8221;, &#8220;personal no assalariat&#8221; i &#8220;personal empleat&#8221;, no es computaran com a hores treballades les corresponents als dies a qu\u00e8 es refereix el par\u00e0graf anterior. De la mateixa manera ser\u00e0 per a la quantificaci\u00f3 dels m\u00f2duls de &#8220;dist\u00e0ncia recorreguda&#8221; i &#8220;consum d&#8217;energia el\u00e8ctrica&#8221;, ja que no es computaran els quil\u00f2metres recorreguts ni els quilowatts \/ hora que proporcionalment corresponguin als dies a qu\u00e8 es refereix l&#8217;esmentat par\u00e0graf anterior .<\/span><\/p>\n<p><b>Terminis per a les ren\u00fancies i revocacions als r\u00e8gims simplificat i de l&#8217;agricultura, ramaderia i pesca de l&#8217;IVA, per a l&#8217;any 2021<\/b><\/p>\n<p><span style=\"font-weight: 400;\">El termini de ren\u00fancia, aix\u00ed com la revocaci\u00f3 de la mateixa, que han de tenir efectes per a l&#8217;any 2021, ser\u00e0 des del dia 24 de desembre de 2020 fins al 31 de gener de 2021.<\/span><\/p>\n<p><span style=\"font-weight: 400;\">Les ren\u00fancies i revocacions presentades per a l&#8217;any 2021 als r\u00e8gims especials simplificat i de l&#8217;agricultura, ramaderia i pesca durant el mes de desembre de 2020, amb anterioritat a el 24 de desembre de 2020, s&#8217;entenen presentades en per\u00edode h\u00e0bil, podent ser modificada l&#8217;opci\u00f3 realitzada en el termini previst en l&#8217;esmentat par\u00e0graf anterior.<\/span><\/p>\n<p>&nbsp;<\/p>\n<p><b>Tipus aplicable als lliuraments, importacions i adquisicions intracomunit\u00e0ries de determinats b\u00e9ns i prestacions de serveis necessaris per a combatre els efectes de la SARS-COV-2, aix\u00ed com a efectes de el r\u00e8gim de el rec\u00e0rrec d&#8217;equival\u00e8ncia<\/b><\/p>\n<p><span style=\"font-weight: 400;\">Amb efectes des del 24 de desembre de 2020 i vig\u00e8ncia fins al 31 de desembre de 2022, s&#8217;aplicar\u00e0 el tipus de l&#8217;0 per cent a:<\/span><\/p>\n<ol>\n<li style=\"font-weight: 400;\" aria-level=\"1\"><span style=\"font-weight: 400;\">Els lliuraments, importacions i adquisicions intracomunit\u00e0ries de productes sanitaris per a diagn\u00f2stic in vitro de la SARS-COV-2.<\/span><\/li>\n<li style=\"font-weight: 400;\" aria-level=\"1\"><span style=\"font-weight: 400;\">Els lliuraments de vacunes contra la SARS-COV-2 autoritzades per la Comissi\u00f3 Europea.<\/span><\/li>\n<li style=\"font-weight: 400;\" aria-level=\"1\"><span style=\"font-weight: 400;\">Les prestacions de serveis de transport, emmagatzematge i distribuci\u00f3 relacionats amb els lliuraments, importacions i adquisicions intracomunit\u00e0ries, previstes a les lletres a) ib) anteriors.<\/span><\/li>\n<\/ol>\n<p><span style=\"font-weight: 400;\">Aquestes operacions s&#8217;han de documentar en factura com a operacions exemptes.<\/span><\/p>\n","protected":false},"excerpt":{"rendered":"<p>AJORNAMENT DE DEUTES TRIBUTARIS Es publica el Reial decret llei 35\/2020, de data 22 de desembre, a on s&#8217;apliquen unes mesures urgents d&#8217;ajuda als sectors m\u00e9s vulnerables que han patit amb aquesta crisi de l&#8217;COVID-19 amb l&#8217;objectiu de frenar una mica el seu impacte. S&#8217;aplicaran sobre el sector tur\u00edstic, l&#8217;hostaleria i el comer\u00e7 i en [&hellip;]<\/p>\n","protected":false},"author":1,"featured_media":0,"comment_status":"closed","ping_status":"closed","sticky":false,"template":"","format":"standard","meta":{"_et_pb_use_builder":"","_et_pb_old_content":"","_et_gb_content_width":"","footnotes":""},"categories":[14],"tags":[],"class_list":["post-2206","post","type-post","status-publish","format-standard","hentry","category-noticies"],"_links":{"self":[{"href":"https:\/\/www.gestoriadelaguardia.com\/ca\/wp-json\/wp\/v2\/posts\/2206","targetHints":{"allow":["GET"]}}],"collection":[{"href":"https:\/\/www.gestoriadelaguardia.com\/ca\/wp-json\/wp\/v2\/posts"}],"about":[{"href":"https:\/\/www.gestoriadelaguardia.com\/ca\/wp-json\/wp\/v2\/types\/post"}],"author":[{"embeddable":true,"href":"https:\/\/www.gestoriadelaguardia.com\/ca\/wp-json\/wp\/v2\/users\/1"}],"replies":[{"embeddable":true,"href":"https:\/\/www.gestoriadelaguardia.com\/ca\/wp-json\/wp\/v2\/comments?post=2206"}],"version-history":[{"count":1,"href":"https:\/\/www.gestoriadelaguardia.com\/ca\/wp-json\/wp\/v2\/posts\/2206\/revisions"}],"predecessor-version":[{"id":4556,"href":"https:\/\/www.gestoriadelaguardia.com\/ca\/wp-json\/wp\/v2\/posts\/2206\/revisions\/4556"}],"wp:attachment":[{"href":"https:\/\/www.gestoriadelaguardia.com\/ca\/wp-json\/wp\/v2\/media?parent=2206"}],"wp:term":[{"taxonomy":"category","embeddable":true,"href":"https:\/\/www.gestoriadelaguardia.com\/ca\/wp-json\/wp\/v2\/categories?post=2206"},{"taxonomy":"post_tag","embeddable":true,"href":"https:\/\/www.gestoriadelaguardia.com\/ca\/wp-json\/wp\/v2\/tags?post=2206"}],"curies":[{"name":"wp","href":"https:\/\/api.w.org\/{rel}","templated":true}]}}