{"id":2203,"date":"2021-01-11T00:00:00","date_gmt":"2021-01-10T23:00:00","guid":{"rendered":"https:\/\/www.gestoriadelaguardia.com\/?p=2203"},"modified":"2025-04-30T13:42:00","modified_gmt":"2025-04-30T11:42:00","slug":"pugen-les-pensions-i-sallarga-la-vida-laboral","status":"publish","type":"post","link":"https:\/\/www.gestoriadelaguardia.com\/ca\/2021\/01\/pugen-les-pensions-i-sallarga-la-vida-laboral\/","title":{"rendered":"Pugen les pensions i s\u2019allarga la vida laboral"},"content":{"rendered":"<p>El passat 23 de desembre de 2020 es van aprovar finalment els pressupostos generals de l\u2019Estat per al 2021.<\/p>\n<p>El fet m\u00e9s destacable d\u2019aquests pressupostos \u00e9s la pujada de les pensions en un 0,9%.<\/p>\n<p>Segons l\u2019opini\u00f3 de diferents experts, per\u00f2, no \u00e9s viable si no augmenten proporcionalment les cotitzacions dels treballadors.<\/p>\n<p>Un fet que dif\u00edcilment pot produir-se si hi ha menys treballadors en actiu, provocat principalment per l\u2019alt atur juvenil, i perqu\u00e8 la generaci\u00f3 propera a la jubilaci\u00f3 t\u00e9 un alt nombre de usuaris.<\/p>\n<p>\u00c9s a dir, que si la situaci\u00f3 no canvia es podria produir un desajust dif\u00edcil d\u2019assumir.<\/p>\n<p>La contrapartida, \u00e9s que s\u2019ha anunciat que a partir de l\u20191 de gener de 2021 la vida laboral s\u2019allarga fins als 66 anys i s\u2019anir\u00e0 incrementant fins arribar als 67 anys al 2027, tal i com consta a la reforma del 2011 amb les seves respectives excepcions.<\/p>\n<p>A l\u2019esborrany de la reforma que va presentar el ministre Jos\u00e9 Luis Escriv\u00e1 consta una bonificaci\u00f3 per aquells treballadors que allarguin la seva vida laboral un 4% per cada any de mes, i eliminant la jubilaci\u00f3 for\u00e7osa.<\/p>\n<p>Permetent d\u2019aquesta manera que aquells treballadors que ho vulguin podran mantenir el seu lloc de feina un any m\u00e9s i obtenir una bonificaci\u00f3.<\/p>\n<p>\u00c9s tamb\u00e9 important el fet de que per calcular la pensi\u00f3 es tindran en compte els \u00faltims 24 anys de vida laboral.<\/p>\n<p><em>Goretti Molons<\/em><br \/>\n<em>Economista 16.069<\/em><br \/>\n<em>Graduada en Ci\u00e8ncies Empresarials i Management<\/em><\/p>\n","protected":false},"excerpt":{"rendered":"<p>El passat 23 de desembre de 2020 es van aprovar finalment els pressupostos generals de l\u2019Estat per al 2021. El fet m\u00e9s destacable d\u2019aquests pressupostos \u00e9s la pujada de les pensions en un 0,9%. Segons l\u2019opini\u00f3 de diferents experts, per\u00f2, no \u00e9s viable si no augmenten proporcionalment les cotitzacions dels treballadors. Un fet que dif\u00edcilment [&hellip;]<\/p>\n","protected":false},"author":1,"featured_media":0,"comment_status":"closed","ping_status":"closed","sticky":false,"template":"","format":"standard","meta":{"_et_pb_use_builder":"","_et_pb_old_content":"","_et_gb_content_width":"","footnotes":""},"categories":[14],"tags":[],"class_list":["post-2203","post","type-post","status-publish","format-standard","hentry","category-noticies"],"_links":{"self":[{"href":"https:\/\/www.gestoriadelaguardia.com\/ca\/wp-json\/wp\/v2\/posts\/2203","targetHints":{"allow":["GET"]}}],"collection":[{"href":"https:\/\/www.gestoriadelaguardia.com\/ca\/wp-json\/wp\/v2\/posts"}],"about":[{"href":"https:\/\/www.gestoriadelaguardia.com\/ca\/wp-json\/wp\/v2\/types\/post"}],"author":[{"embeddable":true,"href":"https:\/\/www.gestoriadelaguardia.com\/ca\/wp-json\/wp\/v2\/users\/1"}],"replies":[{"embeddable":true,"href":"https:\/\/www.gestoriadelaguardia.com\/ca\/wp-json\/wp\/v2\/comments?post=2203"}],"version-history":[{"count":1,"href":"https:\/\/www.gestoriadelaguardia.com\/ca\/wp-json\/wp\/v2\/posts\/2203\/revisions"}],"predecessor-version":[{"id":4565,"href":"https:\/\/www.gestoriadelaguardia.com\/ca\/wp-json\/wp\/v2\/posts\/2203\/revisions\/4565"}],"wp:attachment":[{"href":"https:\/\/www.gestoriadelaguardia.com\/ca\/wp-json\/wp\/v2\/media?parent=2203"}],"wp:term":[{"taxonomy":"category","embeddable":true,"href":"https:\/\/www.gestoriadelaguardia.com\/ca\/wp-json\/wp\/v2\/categories?post=2203"},{"taxonomy":"post_tag","embeddable":true,"href":"https:\/\/www.gestoriadelaguardia.com\/ca\/wp-json\/wp\/v2\/tags?post=2203"}],"curies":[{"name":"wp","href":"https:\/\/api.w.org\/{rel}","templated":true}]}}