{"id":2187,"date":"2020-05-18T00:00:00","date_gmt":"2020-05-17T22:00:00","guid":{"rendered":"https:\/\/www.gestoriadelaguardia.com\/?p=2187"},"modified":"2025-04-30T13:42:26","modified_gmt":"2025-04-30T11:42:26","slug":"orden-snd-414-2020-de-16-de-mayo-fase-2","status":"publish","type":"post","link":"https:\/\/www.gestoriadelaguardia.com\/ca\/2020\/05\/orden-snd-414-2020-de-16-de-mayo-fase-2\/","title":{"rendered":"Orden SND\/414\/2020, de 16 de mayo (Fase 2)"},"content":{"rendered":"<p>Es publica el Boe que regula la fase 2 del desconfinament a aplicar a partir del dia 25 de maig a la Regi\u00f3 Sanit\u00e0ria del Camp de Tarragona.<\/p>\n<p><a href=\"https:\/\/www.boe.es\/boe\/dias\/2020\/05\/16\/pdfs\/BOE-A-2020-5088.pdf\" target=\"_blank\" rel=\"noopener\"><strong> \u00a0Orden SND\/414\/2020, de 16 de mayo, para la flexibilizaci\u00f3n de determinadas restricciones de \u00e1mbito nacional establecidas tras la declaraci\u00f3n del estado de alarma en aplicaci\u00f3n de la fase 2 del Plan para la transici\u00f3n hacia una nueva normalidad.<\/strong> <\/a><\/p>\n","protected":false},"excerpt":{"rendered":"<p>Es publica el Boe que regula la fase 2 del desconfinament a aplicar a partir del dia 25 de maig a la Regi\u00f3 Sanit\u00e0ria del Camp de Tarragona. \u00a0Orden SND\/414\/2020, de 16 de mayo, para la flexibilizaci\u00f3n de determinadas restricciones de \u00e1mbito nacional establecidas tras la declaraci\u00f3n del estado de alarma en aplicaci\u00f3n de la [&hellip;]<\/p>\n","protected":false},"author":1,"featured_media":0,"comment_status":"closed","ping_status":"closed","sticky":false,"template":"","format":"standard","meta":{"_et_pb_use_builder":"","_et_pb_old_content":"","_et_gb_content_width":"","footnotes":""},"categories":[14],"tags":[],"class_list":["post-2187","post","type-post","status-publish","format-standard","hentry","category-noticies"],"_links":{"self":[{"href":"https:\/\/www.gestoriadelaguardia.com\/ca\/wp-json\/wp\/v2\/posts\/2187","targetHints":{"allow":["GET"]}}],"collection":[{"href":"https:\/\/www.gestoriadelaguardia.com\/ca\/wp-json\/wp\/v2\/posts"}],"about":[{"href":"https:\/\/www.gestoriadelaguardia.com\/ca\/wp-json\/wp\/v2\/types\/post"}],"author":[{"embeddable":true,"href":"https:\/\/www.gestoriadelaguardia.com\/ca\/wp-json\/wp\/v2\/users\/1"}],"replies":[{"embeddable":true,"href":"https:\/\/www.gestoriadelaguardia.com\/ca\/wp-json\/wp\/v2\/comments?post=2187"}],"version-history":[{"count":1,"href":"https:\/\/www.gestoriadelaguardia.com\/ca\/wp-json\/wp\/v2\/posts\/2187\/revisions"}],"predecessor-version":[{"id":4593,"href":"https:\/\/www.gestoriadelaguardia.com\/ca\/wp-json\/wp\/v2\/posts\/2187\/revisions\/4593"}],"wp:attachment":[{"href":"https:\/\/www.gestoriadelaguardia.com\/ca\/wp-json\/wp\/v2\/media?parent=2187"}],"wp:term":[{"taxonomy":"category","embeddable":true,"href":"https:\/\/www.gestoriadelaguardia.com\/ca\/wp-json\/wp\/v2\/categories?post=2187"},{"taxonomy":"post_tag","embeddable":true,"href":"https:\/\/www.gestoriadelaguardia.com\/ca\/wp-json\/wp\/v2\/tags?post=2187"}],"curies":[{"name":"wp","href":"https:\/\/api.w.org\/{rel}","templated":true}]}}