{"id":2184,"date":"2020-04-29T00:00:00","date_gmt":"2020-04-28T22:00:00","guid":{"rendered":"https:\/\/www.gestoriadelaguardia.com\/?p=2184"},"modified":"2025-04-30T13:42:32","modified_gmt":"2025-04-30T11:42:32","slug":"publicades-noves-mesures-addicionals-en-materia-laboral-en-suport-a-les-empreses","status":"publish","type":"post","link":"https:\/\/www.gestoriadelaguardia.com\/ca\/2020\/04\/publicades-noves-mesures-addicionals-en-materia-laboral-en-suport-a-les-empreses\/","title":{"rendered":"Publicades noves mesures addicionals en mat\u00e8ria laboral en suport a les empreses"},"content":{"rendered":"<p><span style=\"font-weight: 400;\">S\u00f3n diversos els aspectes que regula el nou Reial Decret Llei 15\/2020, data 21 d&#8217;abril (BOE de 22 d&#8217;abril) en mat\u00e8ria laboral:<\/span><\/p>\n<ul>\n<li><b>Es prorroga el car\u00e0cter preferent de la feina a dist\u00e0ncia i el dret d&#8217;adaptaci\u00f3 de l&#8217; horari i reducci\u00f3 de la jornada.<\/b><\/li>\n<\/ul>\n<p><span style=\"font-weight: 400;\">\u00a0<\/span><span style=\"font-weight: 400;\">Prorroga dos mesos el car\u00e0cter preferent.<\/span><\/p>\n<ul>\n<li><b>S&#8217;amplia la protecci\u00f3 per desocupaci\u00f3 a les extincions de contractes en per\u00edode de prova produ\u00efdes durant l&#8217;estat d&#8217;alarma .<\/b><\/li>\n<\/ul>\n<p><span style=\"font-weight: 400;\">S&#8217;amplia la cobertura de la prestaci\u00f3 als treballadors que els seus contractes\u00a0 hagin estat extingits durant el per\u00edode de prova d&#8217;un nou treball des del 9 de mar\u00e7 o aquells que l&#8217;hagin extingit volunt\u00e0riament des l&#8217;1 de mar\u00e7 per tenir una oferta laboral en ferm que hagi decaigut.<\/span><\/p>\n<ul>\n<li><b>Es recull la possibilitat d&#8217;exist\u00e8ncia de for\u00e7a major parcial en empreses que desenvolupen activitats essencials.<\/b><\/li>\n<\/ul>\n<p><span style=\"font-weight: 400;\">Les empreses que desenvolupen activitats qualificades com a essencials poden acollir-se a ERTO per la part d&#8217;activitat que no estigui afectada per aquest car\u00e0cter essencial.\u00a0<\/span><\/p>\n<ul>\n<li><b>Es tipifica una nova infracci\u00f3 molt greu per a sol\u00b7licituds fraudulentes d&#8217;ERTE i s&#8217;estableix una sanci\u00f3 espec\u00edfica.<\/b><\/li>\n<li><b>Es suspenen els terminis en l&#8217;\u00e0mbit d&#8217;actuaci\u00f3 de la Inspecci\u00f3 de Treball i Seguretat social.<\/b><\/li>\n<\/ul>\n<p><span style=\"font-weight: 400;\">S&#8217;han adoptat diferents mesures, entre les quals destaca la suspensi\u00f3 de terminis en l&#8217;\u00e0mbit d&#8217;actuaci\u00f3 de la Inspecci\u00f3 de Treball i Seguretat Social. Aix\u00ed mateix, es reforcen els mecanismes de control i sanci\u00f3 per evitar comportaments fraudulents en la percepci\u00f3 de les prestacions, regulant-se les sancions i establint-se una responsabilitat empresarial que implica la devoluci\u00f3 per part de l&#8217;empresa de les prestacions indegudament percebudes pels seus treballadors.<\/span><\/p>\n<ul>\n<li><b>S&#8217;adopten diferents mesures en relaci\u00f3 amb l&#8217;ajornament de deutes amb la Seguretat Social d&#8217;empreses i aut\u00f2noms.<\/b><\/li>\n<li><b>Es refor\u00e7a la protecci\u00f3 per atur dels fixos-discontinus i dels que realitzen treballs fixos i peri\u00f2dics que es repeteixen en dates certes.<\/b><\/li>\n<\/ul>\n<p><span style=\"font-weight: 400;\">S&#8217;amplia la cobertura que estableix el Reial decret llei 8\/2020 als treballadors fixos discontinus que no hagin pogut reincorporar a la seva activitat en les dates previstes com a resultat de l&#8217;COVID-19 i que no compleixen el requisit de situaci\u00f3 legal de desocupaci\u00f3, o no poden accedir a la prestaci\u00f3 per atur per no tenir el per\u00edode de cotitzaci\u00f3 necessari.<\/span><\/p>\n<ul>\n<li><b>S&#8217;estableix que seran les m\u00fatues les que gestionaran les prestacions per cessament d&#8217;activitat dels treballadors aut\u00f2noms i es preveu l&#8217;adhesi\u00f3 autom\u00e0tica.<\/b><\/li>\n<\/ul>\n<p><span style=\"font-weight: 400;\">Els treballadors\/es aut\u00f2nomes tenien termini fins al mes de juny de 2019 per a realitzar l&#8217;opci\u00f3 per alguna M\u00fatua col\u00b7laboradora amb la Seguretat Social per a la gesti\u00f3 de determinades prestacions de Seguretat Social. Un col\u00b7lectiu d&#8217;uns 50.000 aut\u00f2noms no ho van fer i ara mateix han de realitzar de forma massiva la sol\u00b7licitud de cessament d&#8217;activitat per la qual cosa es disposa en aquest Reial decret-llei que poden optar per una M\u00fatua a el temps de sol\u00b7licitar el cessament, i aix\u00ed assegurar que la nova entitat els pugui recon\u00e8ixer el dret i facilitar la seva tramitaci\u00f3. Igualment, poden sol\u00b7licitar la prestaci\u00f3 de la incapacitat temporal a partir d&#8217;aquest punt tamb\u00e9 a la M\u00fatua per la qual tri\u00efn.<\/span><\/p>\n<ul>\n<li><b>S&#8217;introdueixen canvis en el sistema especial per a treballadors per compte propi agraris.<\/b><\/li>\n<li><b>S&#8217;est\u00e9n amb efectes d&#8217;1 de gener de 2020 la reducci\u00f3 en la cotitzaci\u00f3 durant la situaci\u00f3 d&#8217;inactivitat en el sistema especial per a treballadors per compte d&#8217;altre agraris .<\/b><\/li>\n<\/ul>\n<p><span style=\"font-weight: 400;\">S&#8217;aprova la reducci\u00f3 de les cotitzacions per a determinats treballadors agraris durant els per\u00edodes d&#8217;inactivitat en 2020 o es simplifica de el procediment per a l&#8217;ajornament de deute de la Seguretat Social.<\/span><\/p>\n<ul>\n<li><b>Es permet prorrogar en l&#8217;\u00e0mbit de la investigaci\u00f3 la durada dels contractes predoctorals per al personal investigador en formaci\u00f3.<\/b><\/li>\n<\/ul>\n","protected":false},"excerpt":{"rendered":"<p>S\u00f3n diversos els aspectes que regula el nou Reial Decret Llei 15\/2020, data 21 d&#8217;abril (BOE de 22 d&#8217;abril) en mat\u00e8ria laboral: Es prorroga el car\u00e0cter preferent de la feina a dist\u00e0ncia i el dret d&#8217;adaptaci\u00f3 de l&#8217; horari i reducci\u00f3 de la jornada. \u00a0Prorroga dos mesos el car\u00e0cter preferent. S&#8217;amplia la protecci\u00f3 per desocupaci\u00f3 [&hellip;]<\/p>\n","protected":false},"author":1,"featured_media":0,"comment_status":"closed","ping_status":"closed","sticky":false,"template":"","format":"standard","meta":{"_et_pb_use_builder":"","_et_pb_old_content":"","_et_gb_content_width":"","footnotes":""},"categories":[14],"tags":[],"class_list":["post-2184","post","type-post","status-publish","format-standard","hentry","category-noticies"],"_links":{"self":[{"href":"https:\/\/www.gestoriadelaguardia.com\/ca\/wp-json\/wp\/v2\/posts\/2184","targetHints":{"allow":["GET"]}}],"collection":[{"href":"https:\/\/www.gestoriadelaguardia.com\/ca\/wp-json\/wp\/v2\/posts"}],"about":[{"href":"https:\/\/www.gestoriadelaguardia.com\/ca\/wp-json\/wp\/v2\/types\/post"}],"author":[{"embeddable":true,"href":"https:\/\/www.gestoriadelaguardia.com\/ca\/wp-json\/wp\/v2\/users\/1"}],"replies":[{"embeddable":true,"href":"https:\/\/www.gestoriadelaguardia.com\/ca\/wp-json\/wp\/v2\/comments?post=2184"}],"version-history":[{"count":1,"href":"https:\/\/www.gestoriadelaguardia.com\/ca\/wp-json\/wp\/v2\/posts\/2184\/revisions"}],"predecessor-version":[{"id":4599,"href":"https:\/\/www.gestoriadelaguardia.com\/ca\/wp-json\/wp\/v2\/posts\/2184\/revisions\/4599"}],"wp:attachment":[{"href":"https:\/\/www.gestoriadelaguardia.com\/ca\/wp-json\/wp\/v2\/media?parent=2184"}],"wp:term":[{"taxonomy":"category","embeddable":true,"href":"https:\/\/www.gestoriadelaguardia.com\/ca\/wp-json\/wp\/v2\/categories?post=2184"},{"taxonomy":"post_tag","embeddable":true,"href":"https:\/\/www.gestoriadelaguardia.com\/ca\/wp-json\/wp\/v2\/tags?post=2184"}],"curies":[{"name":"wp","href":"https:\/\/api.w.org\/{rel}","templated":true}]}}