{"id":2182,"date":"2020-04-22T00:00:00","date_gmt":"2020-04-21T22:00:00","guid":{"rendered":"https:\/\/www.gestoriadelaguardia.com\/?p=2182"},"modified":"2025-04-30T13:42:36","modified_gmt":"2025-04-30T11:42:36","slug":"noves-mesures-fiscals-covid-19-decret-dia-21-dabril","status":"publish","type":"post","link":"https:\/\/www.gestoriadelaguardia.com\/ca\/2020\/04\/noves-mesures-fiscals-covid-19-decret-dia-21-dabril\/","title":{"rendered":"Noves mesures fiscals covid-19 decret dia 21 d\u2019abril"},"content":{"rendered":"<p>Real Decreto-ley 15\/2020, de 21 de abril, de mesures complementaries i urgents en mat\u00e8ria fiscal derivades estat d\u2019alarma COVID &#8211; 19.<\/p>\n<ul>\n<li>El tipus impositiu aplicable de l\u2019IVA de les entregues, importacions i adquisicions intracomunit\u00e0ries de bens necessaris per combatre els efectes del COVID-19, ser\u00e0 del 0%, sempre que els destinataris siguin entitats de Dret P\u00fablic, cl\u00edniques o centres hospitalaris, entitats privades de car\u00e0cter social. Aquestes operacions es documentaran en factura com exemptes.<\/li>\n<li>Els contribuents d\u2019IRPF, que desenvolupin activitats econ\u00f2miques i que el seu rendiment net es determini amb m\u00e8tode d\u2019estimaci\u00f3 objectiva y, en el termini de la presentaci\u00f3 del pagament fraccionat corresponent al primer trimestre de l\u2019exercici 2020, renunci\u00efn a l\u2019aplicaci\u00f3 del mateix de la forma prevista per reglament de l\u2019IRPF, podran tornar a determinar el seu rendiment net de l\u2019activitat econ\u00f2mica amb subjecci\u00f3 al m\u00e8tode d\u2019estimaci\u00f3 objectiva a l\u2019exercici 2021, sempre que compleixin els requisits per la seva aplicaci\u00f3 i revoquin la ren\u00fancia al m\u00e8tode d\u2019estimaci\u00f3 objectiva en els terminis previstos, o mitjan\u00e7ant la presentaci\u00f3 del pagament fraccionat del primer trimestre de l\u2019exercici 2021.<\/li>\n<li>No computaran, en cada trimestre natural, com dies d\u2019exercici de l\u2019activitat, els dies naturals en els que s\u2019hagu\u00e9s decretat l\u2019estat d\u2019alarma en el trimestre.<\/li>\n<li>No s\u2019iniciar\u00e0 el per\u00edode executiu per deutes tribut\u00e0ries com conseq\u00fc\u00e8ncia de la presentaci\u00f3 de les liquidacions presentades pel contribuent dins de termini i de les quals no s\u2019hagi efectuat l\u2019ingr\u00e9s corresponent, sempre que es compleixin els requisits seg\u00fcents:\n<ul>\n<li>Que s\u2019hagi sol\u00b7licitat dins de termini, el finan\u00e7ament pel pagament dels deutes tributaris resultants de les declaracions, i per l\u2019import dels deutes.<\/li>\n<li>Que l\u2019obligat tributari aporti a l\u2019Administraci\u00f3 Tribut\u00e0ria, en un termini m\u00e0xim de cinc dies des de la data de termini de la presentaci\u00f3 de les liquidacions, un certificat expedit per l\u2019entitat financera acreditatiu d\u2019haver-se formalitzat la sol\u00b7licitud de finan\u00e7ament, incloent l\u2019import i els deutes a que es refereix.<\/li>\n<\/ul>\n<\/li>\n<\/ul>\n","protected":false},"excerpt":{"rendered":"<p>Real Decreto-ley 15\/2020, de 21 de abril, de mesures complementaries i urgents en mat\u00e8ria fiscal derivades estat d\u2019alarma COVID &#8211; 19. El tipus impositiu aplicable de l\u2019IVA de les entregues, importacions i adquisicions intracomunit\u00e0ries de bens necessaris per combatre els efectes del COVID-19, ser\u00e0 del 0%, sempre que els destinataris siguin entitats de Dret P\u00fablic, [&hellip;]<\/p>\n","protected":false},"author":1,"featured_media":0,"comment_status":"closed","ping_status":"closed","sticky":false,"template":"","format":"standard","meta":{"_et_pb_use_builder":"","_et_pb_old_content":"","_et_gb_content_width":"","footnotes":""},"categories":[14],"tags":[],"class_list":["post-2182","post","type-post","status-publish","format-standard","hentry","category-noticies"],"_links":{"self":[{"href":"https:\/\/www.gestoriadelaguardia.com\/ca\/wp-json\/wp\/v2\/posts\/2182","targetHints":{"allow":["GET"]}}],"collection":[{"href":"https:\/\/www.gestoriadelaguardia.com\/ca\/wp-json\/wp\/v2\/posts"}],"about":[{"href":"https:\/\/www.gestoriadelaguardia.com\/ca\/wp-json\/wp\/v2\/types\/post"}],"author":[{"embeddable":true,"href":"https:\/\/www.gestoriadelaguardia.com\/ca\/wp-json\/wp\/v2\/users\/1"}],"replies":[{"embeddable":true,"href":"https:\/\/www.gestoriadelaguardia.com\/ca\/wp-json\/wp\/v2\/comments?post=2182"}],"version-history":[{"count":1,"href":"https:\/\/www.gestoriadelaguardia.com\/ca\/wp-json\/wp\/v2\/posts\/2182\/revisions"}],"predecessor-version":[{"id":4603,"href":"https:\/\/www.gestoriadelaguardia.com\/ca\/wp-json\/wp\/v2\/posts\/2182\/revisions\/4603"}],"wp:attachment":[{"href":"https:\/\/www.gestoriadelaguardia.com\/ca\/wp-json\/wp\/v2\/media?parent=2182"}],"wp:term":[{"taxonomy":"category","embeddable":true,"href":"https:\/\/www.gestoriadelaguardia.com\/ca\/wp-json\/wp\/v2\/categories?post=2182"},{"taxonomy":"post_tag","embeddable":true,"href":"https:\/\/www.gestoriadelaguardia.com\/ca\/wp-json\/wp\/v2\/tags?post=2182"}],"curies":[{"name":"wp","href":"https:\/\/api.w.org\/{rel}","templated":true}]}}