{"id":2181,"date":"2020-04-18T00:00:00","date_gmt":"2020-04-17T22:00:00","guid":{"rendered":"https:\/\/www.gestoriadelaguardia.com\/?p=2181"},"modified":"2025-04-30T13:42:38","modified_gmt":"2025-04-30T11:42:38","slug":"situacio-assimilada-a-accident-de-treball-dels-periodes-daillament-o-contagi-com-a-consequencia-del-virus-covid-19","status":"publish","type":"post","link":"https:\/\/www.gestoriadelaguardia.com\/ca\/2020\/04\/situacio-assimilada-a-accident-de-treball-dels-periodes-daillament-o-contagi-com-a-consequencia-del-virus-covid-19\/","title":{"rendered":"Situaci\u00f3 assimilada a accident de treball dels per\u00edodes d&#8217;a\u00efllament o contagi com a conseq\u00fc\u00e8ncia del virus covid-19"},"content":{"rendered":"<p>El Govern ha modificat la regulaci\u00f3 sobre les baixes laborals derivades del COVID-19 en el <span style=\"color: #0000ff;\"><strong><a style=\"color: #0000ff;\" href=\"https:\/\/www.boe.es\/buscar\/act.php?id=BOE-A-2020-4332\" target=\"_blank\" rel=\"noopener\">Real Decreto-ley 13\/2020<\/a><\/strong><\/span> del passat 10 d\u2019abril.<\/p>\n<p>En un inici, es va establir que tots treballadors contagiats pel virus o afectats per quarantenes preventives tenen dret a baixes &#8220;assimilables&#8221; a l&#8217;accident laboral, assimilades a accident de treball de cara a la prestaci\u00f3 econ\u00f2mica d\u2019incapacitat temporal del sistema de Seguretat Social. Ara el Govern aclareix que, si el contagi es produeix al treball, es tracta d&#8217;un accident laboral a tots els efectes.<\/p>\n<p>La mesura atorgava m\u00e9s protecci\u00f3 a les persones benefici\u00e0ries, perqu\u00e8 les prestacions s\u00f3n m\u00e9s altes que les derivades de malaltia comuna, i era m\u00e9s avantatjosa per a les empreses perqu\u00e8 el cost l&#8217;assumeix la Seguretat Social des del primer dia seg\u00fcent a la baixa. Ara, quan es provi que el contagi de la malaltia s&#8217;ha agafat exclusivament a la feina, ser\u00e0 avaluat com a accident de treball.<\/p>\n<p>Els empresaris hauran d&#8217;augmentar les prestacions de baixa per accident laboral amb rec\u00e0rrecs d&#8217;entre un 30% a un 50% quan en les lesions no s&#8217;hagin pres les mesures de seguretat i salut necess\u00e0ries.<\/p>\n","protected":false},"excerpt":{"rendered":"<p>El Govern ha modificat la regulaci\u00f3 sobre les baixes laborals derivades del COVID-19 en el Real Decreto-ley 13\/2020 del passat 10 d\u2019abril. En un inici, es va establir que tots treballadors contagiats pel virus o afectats per quarantenes preventives tenen dret a baixes &#8220;assimilables&#8221; a l&#8217;accident laboral, assimilades a accident de treball de cara a [&hellip;]<\/p>\n","protected":false},"author":1,"featured_media":0,"comment_status":"closed","ping_status":"closed","sticky":false,"template":"","format":"standard","meta":{"_et_pb_use_builder":"","_et_pb_old_content":"","_et_gb_content_width":"","footnotes":""},"categories":[14],"tags":[],"class_list":["post-2181","post","type-post","status-publish","format-standard","hentry","category-noticies"],"_links":{"self":[{"href":"https:\/\/www.gestoriadelaguardia.com\/ca\/wp-json\/wp\/v2\/posts\/2181","targetHints":{"allow":["GET"]}}],"collection":[{"href":"https:\/\/www.gestoriadelaguardia.com\/ca\/wp-json\/wp\/v2\/posts"}],"about":[{"href":"https:\/\/www.gestoriadelaguardia.com\/ca\/wp-json\/wp\/v2\/types\/post"}],"author":[{"embeddable":true,"href":"https:\/\/www.gestoriadelaguardia.com\/ca\/wp-json\/wp\/v2\/users\/1"}],"replies":[{"embeddable":true,"href":"https:\/\/www.gestoriadelaguardia.com\/ca\/wp-json\/wp\/v2\/comments?post=2181"}],"version-history":[{"count":1,"href":"https:\/\/www.gestoriadelaguardia.com\/ca\/wp-json\/wp\/v2\/posts\/2181\/revisions"}],"predecessor-version":[{"id":4606,"href":"https:\/\/www.gestoriadelaguardia.com\/ca\/wp-json\/wp\/v2\/posts\/2181\/revisions\/4606"}],"wp:attachment":[{"href":"https:\/\/www.gestoriadelaguardia.com\/ca\/wp-json\/wp\/v2\/media?parent=2181"}],"wp:term":[{"taxonomy":"category","embeddable":true,"href":"https:\/\/www.gestoriadelaguardia.com\/ca\/wp-json\/wp\/v2\/categories?post=2181"},{"taxonomy":"post_tag","embeddable":true,"href":"https:\/\/www.gestoriadelaguardia.com\/ca\/wp-json\/wp\/v2\/tags?post=2181"}],"curies":[{"name":"wp","href":"https:\/\/api.w.org\/{rel}","templated":true}]}}