{"id":2180,"date":"2020-04-15T00:00:00","date_gmt":"2020-04-14T22:00:00","guid":{"rendered":"https:\/\/www.gestoriadelaguardia.com\/?p=2180"},"modified":"2025-04-30T13:42:40","modified_gmt":"2025-04-30T11:42:40","slug":"ajornament-declaracions-trimestrals","status":"publish","type":"post","link":"https:\/\/www.gestoriadelaguardia.com\/ca\/2020\/04\/ajornament-declaracions-trimestrals\/","title":{"rendered":"Ajornament declaracions trimestrals"},"content":{"rendered":"<p>El passat 10 d\u2019abril la Ministra d\u2019Hisenda comunicava en roda de premsa canvis respecte les declaracions trimestrals que empreses i aut\u00f2noms es veuen obligades a presentar fins el 20 d\u2019abril, ampliant el termini de presentaci\u00f3 fins al maig i ajornament del pagament, tamb\u00e9 el 20 de maig. \u00c9s una mesura que no s\u2019aprova fins el 14 de maig pel Consell de Ministres.<\/p>\n<p>Aquesta mesura \u00e9s nom\u00e9s per aquelles persones f\u00edsiques o jur\u00eddiques amb un volum de facturaci\u00f3 inferior a 600.000\u20ac anual, tenint en compte les dades de l\u2019\u00faltim exercici.\u00a0 Aquestes empreses podran presentar les declaracions trimestrals fins el 20 de maig, 15 per domiciliaci\u00f3 banc\u00e0ria. Tenint en compte que el trimestre va comen\u00e7ar el passat 1 d\u2019abril, i de ben segur que moltes empreses ja tenien domiciliats els seus pagaments pel 20 d\u2019abril, no s\u2019efectuar\u00e0 el pagament fins el 20 de maig.<\/p>\n<p>La Ministra tamb\u00e9 va comunicar que les persones f\u00edsiques que estan en el r\u00e8gim d\u2019Estimaci\u00f3 Objectiva podran renunciar a aquest sistema d\u2019estimaci\u00f3 i fer els pagaments del trimestre pel r\u00e8gim d\u2019Estimaci\u00f3 Directa Simplificada. O en cas de no acollir-se a aquesta opci\u00f3, s\u2019habilitar\u00e0 un sistema que els permeti reduir el rendiment net dels dies que hagin tingut l\u2019establiment tancat.<\/p>\n<p>Totes aquestes mesures es fan amb la finalitat de poder facilitar i flexibilitzar el pagament d\u2019impostos a aquelles empreses que es poden veure afectades a nivell de tresoreria pel COVID-19. Per aquest motiu, posem a la seva disposici\u00f3 els nostres professionals per dubtes i preguntes a nivell comptable-fiscal i laboral.<\/p>\n","protected":false},"excerpt":{"rendered":"<p>El passat 10 d\u2019abril la Ministra d\u2019Hisenda comunicava en roda de premsa canvis respecte les declaracions trimestrals que empreses i aut\u00f2noms es veuen obligades a presentar fins el 20 d\u2019abril, ampliant el termini de presentaci\u00f3 fins al maig i ajornament del pagament, tamb\u00e9 el 20 de maig. \u00c9s una mesura que no s\u2019aprova fins el [&hellip;]<\/p>\n","protected":false},"author":1,"featured_media":0,"comment_status":"closed","ping_status":"closed","sticky":false,"template":"","format":"standard","meta":{"_et_pb_use_builder":"","_et_pb_old_content":"","_et_gb_content_width":"","footnotes":""},"categories":[14],"tags":[],"class_list":["post-2180","post","type-post","status-publish","format-standard","hentry","category-noticies"],"_links":{"self":[{"href":"https:\/\/www.gestoriadelaguardia.com\/ca\/wp-json\/wp\/v2\/posts\/2180","targetHints":{"allow":["GET"]}}],"collection":[{"href":"https:\/\/www.gestoriadelaguardia.com\/ca\/wp-json\/wp\/v2\/posts"}],"about":[{"href":"https:\/\/www.gestoriadelaguardia.com\/ca\/wp-json\/wp\/v2\/types\/post"}],"author":[{"embeddable":true,"href":"https:\/\/www.gestoriadelaguardia.com\/ca\/wp-json\/wp\/v2\/users\/1"}],"replies":[{"embeddable":true,"href":"https:\/\/www.gestoriadelaguardia.com\/ca\/wp-json\/wp\/v2\/comments?post=2180"}],"version-history":[{"count":1,"href":"https:\/\/www.gestoriadelaguardia.com\/ca\/wp-json\/wp\/v2\/posts\/2180\/revisions"}],"predecessor-version":[{"id":4608,"href":"https:\/\/www.gestoriadelaguardia.com\/ca\/wp-json\/wp\/v2\/posts\/2180\/revisions\/4608"}],"wp:attachment":[{"href":"https:\/\/www.gestoriadelaguardia.com\/ca\/wp-json\/wp\/v2\/media?parent=2180"}],"wp:term":[{"taxonomy":"category","embeddable":true,"href":"https:\/\/www.gestoriadelaguardia.com\/ca\/wp-json\/wp\/v2\/categories?post=2180"},{"taxonomy":"post_tag","embeddable":true,"href":"https:\/\/www.gestoriadelaguardia.com\/ca\/wp-json\/wp\/v2\/tags?post=2180"}],"curies":[{"name":"wp","href":"https:\/\/api.w.org\/{rel}","templated":true}]}}