{"id":2179,"date":"2020-04-06T00:00:00","date_gmt":"2020-04-05T22:00:00","guid":{"rendered":"https:\/\/www.gestoriadelaguardia.com\/?p=2179"},"modified":"2025-04-30T13:42:41","modified_gmt":"2025-04-30T11:42:41","slug":"el-govern-aprova-un-ajornament-i-moratoria-de-les-cotitzacions-socials-per-a-empreses-i-autonoms","status":"publish","type":"post","link":"https:\/\/www.gestoriadelaguardia.com\/ca\/2020\/04\/el-govern-aprova-un-ajornament-i-moratoria-de-les-cotitzacions-socials-per-a-empreses-i-autonoms\/","title":{"rendered":"El govern aprova un ajornament i morat\u00f2ria de les cotitzacions socials per a empreses i aut\u00f2noms"},"content":{"rendered":"<p>[vc_row css_animation=&#8221;&#8221; row_type=&#8221;row&#8221; use_row_as_full_screen_section=&#8221;no&#8221; type=&#8221;full_width&#8221; angled_section=&#8221;no&#8221; text_align=&#8221;left&#8221; background_image_as_pattern=&#8221;without_pattern&#8221;][vc_column][vc_column_text]<\/p>\n<p style=\"font-weight: 400;\">El consell de ministres\u00a0 va aprovar el passat dimarts\u00a0 unes mesures socials i econ\u00f2miques per a minimitzar i contrarestar l\u2019impacte del COVID-19, mesures que complementen i consoliden les ja adoptades amb anterioritat.<\/p>\n<p style=\"font-weight: 400;\">Aquestes noves mesures es recullen al\u00a0<a href=\"https:\/\/www.boe.es\/diario_boe\/txt.php?id=BOE-A-2020-4208\" target=\"_blank\" rel=\"noopener\"><b>Reial decret llei 11\/2020<\/b><\/a>, el qual dona peu a les empreses i aut\u00f2noms en l\u2019ajornament del pagament de cotitzacions amb unes condicions especials i la morat\u00f2ria de cotitzacions a la Seguretat Social.<\/p>\n<p style=\"font-weight: 400;\">Es capacita a la Tresoreria General de la Seguretat Social a\u00a0<b>atorgar a tots els<\/b> <b>aut\u00f2noms i empreses\u00a0 l\u2019ajornament de la quota del mes d\u2019abril<\/b>, a un inter\u00e8s mes baix de l\u2019habitual, el qual\u00a0 passa d\u2019un 3% a un 0,5%. Per poder accedir a aquesta mesura, cal que siguin aut\u00f2noms o empreses els quals estiguin afectats pel COVID-19 i\u00a0<b>no posseir cap altre ajornament en vigor previ<\/b>.<\/p>\n<p style=\"font-weight: 400;\">Aquest inicial ajornament,\u00a0<b>s\u2019ha de sol\u00b7licitar abans del transcurs dels deu primers dies naturals del m\u00e9s d\u2019abril,\u00a0<\/b>per aix\u00ed impedir la facturaci\u00f3 de la quota.<\/p>\n<p style=\"font-weight: 400;\">De forma extraordin\u00e0ria,\u00a0<b>la Seguretat Social adjudicar\u00e0 morat\u00f2ries a aut\u00f2noms i empreses en el\u00a0 pagament de les cotitzacions a la Seguretat Social fins a sis mesos<\/b>. El per\u00edode de meritaci\u00f3 en cas d\u2019empreses estar\u00e0 compr\u00e8s entre abril i juny de 2020, mentre que en el cas dels aut\u00f2noms estar\u00e0 compr\u00e8s entre maig i juliol de 2020, sempre que les activitats que duguin a terme no s\u2019hagin susp\u00e8s en circumst\u00e0ncia de l\u2019estat d\u2019alarma declarat pel Reial Decret 463\/2020 de 14 de mar\u00e7. Per poder sol\u2022licitar aquesta morat\u00f2ria s\u2019establiran a trav\u00e9s d\u2019una Ordre Ministerial i es posar\u00e0 en marxa formes \u00e0gils per poder sol\u2022licitar-les. Aquesta morat\u00f2ria no es aplicable per a les empreses que hagin estat exonerades de pagar cotitzacions socials pels seus treballadors afectat per\u00a0<b>ERTO per for\u00e7a major<\/b>, a causa del coronavirus.<\/p>\n<p style=\"font-weight: 400;\">D\u2019altra banda, les empreses i aut\u00f2noms que no compleixin els requisits per tenir dret a la morat\u00f2ria tamb\u00e9 podran sol\u00b7licitar l\u2019ajornament abans esmentat al 0,5% durant en els\u00a0 per\u00edodes de pagament de maig a juny.<\/p>\n<p style=\"font-weight: 400;\">Tamb\u00e9 es podran beneficiar els aut\u00f2noms i les empreses que s\u2019hagin vist afectades per COVID-19, en la\u00a0<b>flexibilitzaci\u00f3 en el pagament de subministraments fonamentals com l\u2019aigua, la llum o el gas, arribar fins i tot a la alternativa de suspendre\u00a0<\/b>el seu pagament.<\/p>\n<p style=\"font-weight: 400;\">En concret, aquestes mesures, busquen\u00a0<b>conservar el m\u00e0xim l\u2019ocupaci\u00f3<\/b>, \u00e9s a dir, capacitar de liquiditat a empreses i treballadors aut\u00f2noms davant les dificultats ocasionades per la crisi que estem vivint, es a dir,\u00a0<b>afavorir\u00a0<\/b>l\u2019activitat econ\u00f2mica un cop deixi d\u2019estar en vigor l\u2019estat d\u2019alarma.<\/p>\n<p style=\"font-weight: 400;\">A De La Guardia Grup d\u2019Assessors, li facilitarem informaci\u00f3 sobre aquest tr\u00e0mit i en el seu cas, li  gestionem l\u2019apla\u00e7ament.<\/p>\n<p style=\"font-weight: 400;\">Tarragona, Abril 2020.<\/p>\n<p>[\/vc_column_text][\/vc_column][\/vc_row]<\/p>\n","protected":false},"excerpt":{"rendered":"<p>[vc_row css_animation=&#8221;&#8221; row_type=&#8221;row&#8221; use_row_as_full_screen_section=&#8221;no&#8221; type=&#8221;full_width&#8221; angled_section=&#8221;no&#8221; text_align=&#8221;left&#8221; background_image_as_pattern=&#8221;without_pattern&#8221;][vc_column][vc_column_text] El consell de ministres\u00a0 va aprovar el passat dimarts\u00a0 unes mesures socials i econ\u00f2miques per a minimitzar i contrarestar l\u2019impacte del COVID-19, mesures que complementen i consoliden les ja adoptades amb anterioritat. Aquestes noves mesures es recullen al\u00a0Reial decret llei 11\/2020, el qual dona peu a les [&hellip;]<\/p>\n","protected":false},"author":1,"featured_media":0,"comment_status":"closed","ping_status":"closed","sticky":false,"template":"","format":"standard","meta":{"_et_pb_use_builder":"","_et_pb_old_content":"","_et_gb_content_width":"","footnotes":""},"categories":[14],"tags":[],"class_list":["post-2179","post","type-post","status-publish","format-standard","hentry","category-noticies"],"_links":{"self":[{"href":"https:\/\/www.gestoriadelaguardia.com\/ca\/wp-json\/wp\/v2\/posts\/2179","targetHints":{"allow":["GET"]}}],"collection":[{"href":"https:\/\/www.gestoriadelaguardia.com\/ca\/wp-json\/wp\/v2\/posts"}],"about":[{"href":"https:\/\/www.gestoriadelaguardia.com\/ca\/wp-json\/wp\/v2\/types\/post"}],"author":[{"embeddable":true,"href":"https:\/\/www.gestoriadelaguardia.com\/ca\/wp-json\/wp\/v2\/users\/1"}],"replies":[{"embeddable":true,"href":"https:\/\/www.gestoriadelaguardia.com\/ca\/wp-json\/wp\/v2\/comments?post=2179"}],"version-history":[{"count":1,"href":"https:\/\/www.gestoriadelaguardia.com\/ca\/wp-json\/wp\/v2\/posts\/2179\/revisions"}],"predecessor-version":[{"id":4609,"href":"https:\/\/www.gestoriadelaguardia.com\/ca\/wp-json\/wp\/v2\/posts\/2179\/revisions\/4609"}],"wp:attachment":[{"href":"https:\/\/www.gestoriadelaguardia.com\/ca\/wp-json\/wp\/v2\/media?parent=2179"}],"wp:term":[{"taxonomy":"category","embeddable":true,"href":"https:\/\/www.gestoriadelaguardia.com\/ca\/wp-json\/wp\/v2\/categories?post=2179"},{"taxonomy":"post_tag","embeddable":true,"href":"https:\/\/www.gestoriadelaguardia.com\/ca\/wp-json\/wp\/v2\/tags?post=2179"}],"curies":[{"name":"wp","href":"https:\/\/api.w.org\/{rel}","templated":true}]}}