{"id":2178,"date":"2020-04-02T00:00:00","date_gmt":"2020-04-01T22:00:00","guid":{"rendered":"https:\/\/www.gestoriadelaguardia.com\/?p=2178"},"modified":"2025-04-30T13:42:42","modified_gmt":"2025-04-30T11:42:42","slug":"declaracio-de-la-renda-exercici-2019-irpf","status":"publish","type":"post","link":"https:\/\/www.gestoriadelaguardia.com\/ca\/2020\/04\/declaracio-de-la-renda-exercici-2019-irpf\/","title":{"rendered":"Declaraci\u00f3 de la renda exercici 2019. (IRPF)"},"content":{"rendered":"<p><span style=\"background-color:#ff00ff;color:#fff;\">Actualitzaci\u00f3 03\/06\/2020<\/span><\/p>\n<p><b><u>Ja poden fer la Renda\u201919 presencialment<\/u><\/b> a les nostres oficines.<br \/>\nDisposem de totes les mesures de seguretat, higiene i prevenci\u00f3.  <\/p>\n<p>Tamb\u00e9 <u>poden encarregar-nos la confecci\u00f3 de la declaraci\u00f3 <b>a trav\u00e9s de mitjans telef\u00f2nics o per e-mail<\/b><\/u>.<\/p>\n<h2><u>CONTACTE CLIENTS REUS:<\/u><\/h2>\n<p><b>DEMANAR CITA PER FER LA DECLARACI\u00d3 DE LA RENDA PRESENCIAL:<\/b><br \/>\n977344952 \u2013 de 9h a 14 h.<br \/>\n<a href=\"mailto:societats@gestoriadelaguardia.com\">societats@gestoriadelaguardia.com<\/a><br \/>\n<strong>LLIURAMENT DE DOCUMENTACI\u00d3 REUS<\/strong> indicant tel\u00e8fon de contacte i\/o mail de contacte:<br \/>\nEn <u>suport inform\u00e0tic<\/u>: <a href=\"mailto:societats@gestoriadelaguardia.com\">societats@gestoriadelaguardia.com<\/a><br \/>\nEn <u>suport paper:<\/u> En sobre tancat INDICANT NOM a la b\u00fastia de la Gestoria de Pl. Catalunya n\u00ba2.<\/p>\n<h2><u>CONTACTE CLIENTS VILASECA:<\/u><\/h2>\n<p><b>DEMANAR CITA PER FER LA DECLARACI\u00d3 DE LA RENDA PRESENCIAL:<\/b><br \/>\n977914716 \u2013 de 9h a 14 h.<br \/>\n<a href=\"mailto:gestoria.vilaseca@gestoriadelaguardia.com\">gestoria.vilaseca@gestoriadelaguardia.com<\/a><br \/>\n<strong>LLIURAMENT DE DOCUMENTACI\u00d3 VILA-SECA<\/strong> indicant tel\u00e8fon de contacte i\/o mail de contacte:<br \/>\nEn <u>suport inform\u00e0tic<\/u>: <a href=\"mailto:gestoria.vilaseca@gestoriadelaguardia.com\">gestoria.vilaseca@gestoriadelaguardia.com<\/a><br \/>\nEn <u>suport paper<\/u>: En sobre tancat INDICANT NOM a la b\u00fastia de la Gestoria a C\/ Francesc Mart\u00ed Padr\u00f3 4 de Vila-Seca.<\/p>\n<p>Rebut l\u2019enc\u00e0rrec i\/o documentaci\u00f3, <b>ens posarem en contacte amb vost\u00e8<\/b> per la configuraci\u00f3 de la declaraci\u00f3. <\/p>\n<p>Atentament. <\/p>\n<p>DE LA GUARDIA GRUP D\u2019ASSESSORS SL<\/p>\n","protected":false},"excerpt":{"rendered":"<p>Actualitzaci\u00f3 03\/06\/2020 Ja poden fer la Renda\u201919 presencialment a les nostres oficines. Disposem de totes les mesures de seguretat, higiene i prevenci\u00f3. Tamb\u00e9 poden encarregar-nos la confecci\u00f3 de la declaraci\u00f3 a trav\u00e9s de mitjans telef\u00f2nics o per e-mail. CONTACTE CLIENTS REUS: DEMANAR CITA PER FER LA DECLARACI\u00d3 DE LA RENDA PRESENCIAL: 977344952 \u2013 de 9h [&hellip;]<\/p>\n","protected":false},"author":1,"featured_media":0,"comment_status":"closed","ping_status":"closed","sticky":false,"template":"","format":"standard","meta":{"_et_pb_use_builder":"","_et_pb_old_content":"","_et_gb_content_width":"","footnotes":""},"categories":[14],"tags":[],"class_list":["post-2178","post","type-post","status-publish","format-standard","hentry","category-noticies"],"_links":{"self":[{"href":"https:\/\/www.gestoriadelaguardia.com\/ca\/wp-json\/wp\/v2\/posts\/2178","targetHints":{"allow":["GET"]}}],"collection":[{"href":"https:\/\/www.gestoriadelaguardia.com\/ca\/wp-json\/wp\/v2\/posts"}],"about":[{"href":"https:\/\/www.gestoriadelaguardia.com\/ca\/wp-json\/wp\/v2\/types\/post"}],"author":[{"embeddable":true,"href":"https:\/\/www.gestoriadelaguardia.com\/ca\/wp-json\/wp\/v2\/users\/1"}],"replies":[{"embeddable":true,"href":"https:\/\/www.gestoriadelaguardia.com\/ca\/wp-json\/wp\/v2\/comments?post=2178"}],"version-history":[{"count":1,"href":"https:\/\/www.gestoriadelaguardia.com\/ca\/wp-json\/wp\/v2\/posts\/2178\/revisions"}],"predecessor-version":[{"id":4611,"href":"https:\/\/www.gestoriadelaguardia.com\/ca\/wp-json\/wp\/v2\/posts\/2178\/revisions\/4611"}],"wp:attachment":[{"href":"https:\/\/www.gestoriadelaguardia.com\/ca\/wp-json\/wp\/v2\/media?parent=2178"}],"wp:term":[{"taxonomy":"category","embeddable":true,"href":"https:\/\/www.gestoriadelaguardia.com\/ca\/wp-json\/wp\/v2\/categories?post=2178"},{"taxonomy":"post_tag","embeddable":true,"href":"https:\/\/www.gestoriadelaguardia.com\/ca\/wp-json\/wp\/v2\/tags?post=2178"}],"curies":[{"name":"wp","href":"https:\/\/api.w.org\/{rel}","templated":true}]}}