{"id":2176,"date":"2020-03-25T00:00:00","date_gmt":"2020-03-24T23:00:00","guid":{"rendered":"https:\/\/www.gestoriadelaguardia.com\/?p=2176"},"modified":"2025-04-30T13:42:48","modified_gmt":"2025-04-30T11:42:48","slug":"prestacio-per-cessament-de-activitat-pel-covid-19","status":"publish","type":"post","link":"https:\/\/www.gestoriadelaguardia.com\/ca\/2020\/03\/prestacio-per-cessament-de-activitat-pel-covid-19\/","title":{"rendered":"Prestaci\u00f3 per cessament de activitat pel Covid-19"},"content":{"rendered":"<p>En el decret llei 8\/2020 del 17 de mar\u00e7, publicat el 18 de mar\u00e7, amb les mesures urgents per poder fer front al impacte social i econ\u00f2mic del COVID-19 existeix la prestaci\u00f3 extraordin\u00e0ria pel cessament d\u2019activitat pels afectats de l\u2019estat d\u2019alarma. Per\u00f2 ens plantegem un seguit de preguntes:<\/p>\n<h2>Qui t\u00e9 dret?<\/h2>\n<p>Els treballadors per compte propi o aut\u00f2noms on la seva activitat queda suspesa segons es comunica en el Real Decret, o b\u00e9, quan la seva facturaci\u00f3 es redueix un 75% respecte el mes anterior sempre i quan:<\/p>\n<ul>\n<li>Estiguin afiliats a la Seguretat Social el dia de la declaraci\u00f3 de l\u2019estat d\u2019alarma al R\u00e8gim Especial de la Seguretat Social dels Treballadors per compte propi o aut\u00f2noms, o en el seu cas, al R\u00e8gim Especial de la Seguretat Social dels treballadors del mar.<\/li>\n<li>Si, la seva activitat no es veu expl\u00edcitament suspesa pel previst al Real Decret, ha d\u2019acreditar la reducci\u00f3 de la seva facturaci\u00f3, almenys, un 75% en relaci\u00f3 al semestre anterior.<\/li>\n<li>Estar al corrent de pagament de quotes amb la Seguretat Social.<\/li>\n<\/ul>\n<h2>Quina quantitat \u00e9s la prestaci\u00f3?<\/h2>\n<p>La quantitat de la prestaci\u00f3 es el resultat d\u2019aplicar el 70% de la base reguladora, calculada conforme amb el que es preveu a l\u2019article 339 de la llei de la Seguretat Social. Si no s\u2019acredita aquesta base ser\u00e0 el 70% de la base m\u00ednima de cotitzaci\u00f3 per a treballadors per compte propi o aut\u00f2noms.<\/p>\n<h2>Quina durada t\u00e9 la prestaci\u00f3?<\/h2>\n<p>La prestaci\u00f3 t\u00e9 durada d\u2019un mes, ampliable si \u00e9s el cas fins al \u00faltim dia del mes en que finalitzi l\u2019estat d\u2019alarma, si aquest s\u2019amplia. El temps de la percepci\u00f3 s\u2019enten com a cotitzat i no redueix els per\u00edodes de prestaci\u00f3 per cessament d\u2019activitat als que el beneficiari pugui tenir dret en circumstancies futures.<\/p>\n<p>S\u2019ha de tenir en compte per\u00f2 que aquesta prestaci\u00f3 \u00e9s incompatible amb qualsevol altre prestaci\u00f3 de la Seguretat Social.<\/p>\n<p>&#8212;<\/p>\n<p>Aquesta prestaci\u00f3 tamb\u00e9 tenen dret a rebre-la els socis treballadors de les cooperatives de treball associat que hagin optat per el seu enquadrament com treballadors per compte propi en el r\u00e8gim especial que correspongui..<\/p>\n<p>Atentament,<\/p>\n<p>DE LA GUARDIA GRUP D\u2019ASSESSORS SL<\/p>\n","protected":false},"excerpt":{"rendered":"<p>En el decret llei 8\/2020 del 17 de mar\u00e7, publicat el 18 de mar\u00e7, amb les mesures urgents per poder fer front al impacte social i econ\u00f2mic del COVID-19 existeix la prestaci\u00f3 extraordin\u00e0ria pel cessament d\u2019activitat pels afectats de l\u2019estat d\u2019alarma. Per\u00f2 ens plantegem un seguit de preguntes: Qui t\u00e9 dret? Els treballadors per compte [&hellip;]<\/p>\n","protected":false},"author":1,"featured_media":0,"comment_status":"closed","ping_status":"closed","sticky":false,"template":"","format":"standard","meta":{"_et_pb_use_builder":"","_et_pb_old_content":"","_et_gb_content_width":"","footnotes":""},"categories":[14],"tags":[],"class_list":["post-2176","post","type-post","status-publish","format-standard","hentry","category-noticies"],"_links":{"self":[{"href":"https:\/\/www.gestoriadelaguardia.com\/ca\/wp-json\/wp\/v2\/posts\/2176","targetHints":{"allow":["GET"]}}],"collection":[{"href":"https:\/\/www.gestoriadelaguardia.com\/ca\/wp-json\/wp\/v2\/posts"}],"about":[{"href":"https:\/\/www.gestoriadelaguardia.com\/ca\/wp-json\/wp\/v2\/types\/post"}],"author":[{"embeddable":true,"href":"https:\/\/www.gestoriadelaguardia.com\/ca\/wp-json\/wp\/v2\/users\/1"}],"replies":[{"embeddable":true,"href":"https:\/\/www.gestoriadelaguardia.com\/ca\/wp-json\/wp\/v2\/comments?post=2176"}],"version-history":[{"count":1,"href":"https:\/\/www.gestoriadelaguardia.com\/ca\/wp-json\/wp\/v2\/posts\/2176\/revisions"}],"predecessor-version":[{"id":4618,"href":"https:\/\/www.gestoriadelaguardia.com\/ca\/wp-json\/wp\/v2\/posts\/2176\/revisions\/4618"}],"wp:attachment":[{"href":"https:\/\/www.gestoriadelaguardia.com\/ca\/wp-json\/wp\/v2\/media?parent=2176"}],"wp:term":[{"taxonomy":"category","embeddable":true,"href":"https:\/\/www.gestoriadelaguardia.com\/ca\/wp-json\/wp\/v2\/categories?post=2176"},{"taxonomy":"post_tag","embeddable":true,"href":"https:\/\/www.gestoriadelaguardia.com\/ca\/wp-json\/wp\/v2\/tags?post=2176"}],"curies":[{"name":"wp","href":"https:\/\/api.w.org\/{rel}","templated":true}]}}