{"id":2175,"date":"2020-03-25T00:00:00","date_gmt":"2020-03-24T23:00:00","guid":{"rendered":"https:\/\/www.gestoriadelaguardia.com\/?p=2175"},"modified":"2025-04-30T13:42:47","modified_gmt":"2025-04-30T11:42:47","slug":"questions-mes-frequents-relacionades-amb-la-presentacio-dels-ertes","status":"publish","type":"post","link":"https:\/\/www.gestoriadelaguardia.com\/ca\/2020\/03\/questions-mes-frequents-relacionades-amb-la-presentacio-dels-ertes\/","title":{"rendered":"Q\u00fcestions m\u00e9s freq\u00fcents relacionades amb la presentaci\u00f3 dels ERTEs"},"content":{"rendered":"<p>A l\u2019espera de con\u00e8ixer novetats normatives i directrius que puguin sorgir durant les properes hores, entre elles l\u2019operativa a seguir per tramitar les prestacions d\u2019atur, compartim el document\u00a0 actualitzat a 23\/03\/2020 a les 19:00 hores, elaborat pel Departament de Treball, Afers Socials i Fam\u00edlies, on dona resposta a les q\u00fcestions m\u00e9s freq\u00fcents relacionades amb la presentaci\u00f3 dels ERTEs.<\/p>\n<p><b>\u00daltima actualitzaci\u00f3<\/b><span style=\"font-weight: 400;\">: 23\/03\/2020. 19:00 h.<\/span><\/p>\n<p><span style=\"color: #0000ff;\"><strong><a style=\"color: #0000ff;\" href=\"https:\/\/www.sugranyes.com\/wp-content\/uploads\/2020\/03\/Document-Departament-Treball-23-de-marc\u0327.pdf\" target=\"_blank\" rel=\"noopener\">Descarregar pdf<\/a><\/strong><\/span><\/p>\n<p>(<strong>Nota<\/strong>: <em>El document que us presentem \u00e9s navegable i inclou un \u00edndex que us dirigir\u00e0 al vostre cas particular<\/em>.)<\/p>\n","protected":false},"excerpt":{"rendered":"<p>A l\u2019espera de con\u00e8ixer novetats normatives i directrius que puguin sorgir durant les properes hores, entre elles l\u2019operativa a seguir per tramitar les prestacions d\u2019atur, compartim el document\u00a0 actualitzat a 23\/03\/2020 a les 19:00 hores, elaborat pel Departament de Treball, Afers Socials i Fam\u00edlies, on dona resposta a les q\u00fcestions m\u00e9s freq\u00fcents relacionades amb la [&hellip;]<\/p>\n","protected":false},"author":1,"featured_media":0,"comment_status":"closed","ping_status":"closed","sticky":false,"template":"","format":"standard","meta":{"_et_pb_use_builder":"","_et_pb_old_content":"","_et_gb_content_width":"","footnotes":""},"categories":[14],"tags":[],"class_list":["post-2175","post","type-post","status-publish","format-standard","hentry","category-noticies"],"_links":{"self":[{"href":"https:\/\/www.gestoriadelaguardia.com\/ca\/wp-json\/wp\/v2\/posts\/2175","targetHints":{"allow":["GET"]}}],"collection":[{"href":"https:\/\/www.gestoriadelaguardia.com\/ca\/wp-json\/wp\/v2\/posts"}],"about":[{"href":"https:\/\/www.gestoriadelaguardia.com\/ca\/wp-json\/wp\/v2\/types\/post"}],"author":[{"embeddable":true,"href":"https:\/\/www.gestoriadelaguardia.com\/ca\/wp-json\/wp\/v2\/users\/1"}],"replies":[{"embeddable":true,"href":"https:\/\/www.gestoriadelaguardia.com\/ca\/wp-json\/wp\/v2\/comments?post=2175"}],"version-history":[{"count":1,"href":"https:\/\/www.gestoriadelaguardia.com\/ca\/wp-json\/wp\/v2\/posts\/2175\/revisions"}],"predecessor-version":[{"id":4617,"href":"https:\/\/www.gestoriadelaguardia.com\/ca\/wp-json\/wp\/v2\/posts\/2175\/revisions\/4617"}],"wp:attachment":[{"href":"https:\/\/www.gestoriadelaguardia.com\/ca\/wp-json\/wp\/v2\/media?parent=2175"}],"wp:term":[{"taxonomy":"category","embeddable":true,"href":"https:\/\/www.gestoriadelaguardia.com\/ca\/wp-json\/wp\/v2\/categories?post=2175"},{"taxonomy":"post_tag","embeddable":true,"href":"https:\/\/www.gestoriadelaguardia.com\/ca\/wp-json\/wp\/v2\/tags?post=2175"}],"curies":[{"name":"wp","href":"https:\/\/api.w.org\/{rel}","templated":true}]}}