{"id":2173,"date":"2020-03-19T00:00:00","date_gmt":"2020-03-18T23:00:00","guid":{"rendered":"https:\/\/www.gestoriadelaguardia.com\/?p=2173"},"modified":"2025-04-30T13:42:53","modified_gmt":"2025-04-30T11:42:53","slug":"real-decreto-ley-8-2020-de-17-de-marc-de-mesures-urgents-extraordinaries-per-fer-front-a-limpacte-economic-i-social-pel-covid-19","status":"publish","type":"post","link":"https:\/\/www.gestoriadelaguardia.com\/ca\/2020\/03\/real-decreto-ley-8-2020-de-17-de-marc-de-mesures-urgents-extraordinaries-per-fer-front-a-limpacte-economic-i-social-pel-covid-19\/","title":{"rendered":"Real Decreto Ley 8\/2020, de 17 de mar\u00e7, de mesures urgents extraordin\u00e0ries per fer front a l&#8217;impacte econ\u00f2mic i social pel COVID-19"},"content":{"rendered":"<p>[vc_row css_animation=&#8221;&#8221; row_type=&#8221;row&#8221; use_row_as_full_screen_section=&#8221;no&#8221; type=&#8221;full_width&#8221; angled_section=&#8221;no&#8221; text_align=&#8221;left&#8221; background_image_as_pattern=&#8221;without_pattern&#8221;][vc_column][vc_column_text]Compartim el Real Decreto Ley 8\/2020, de 17 de mar\u00e7, de mesures urgents extraordin\u00e0ries per fer front a l&#8217;impacte econ\u00f2mic i social pel COVID-19.<br \/>\n<a target=\"_blank\" rel=\"noopener\">Descarregar el BOE<\/a><\/p>\n","protected":false},"excerpt":{"rendered":"<p>[vc_row css_animation=&#8221;&#8221; row_type=&#8221;row&#8221; use_row_as_full_screen_section=&#8221;no&#8221; type=&#8221;full_width&#8221; angled_section=&#8221;no&#8221; text_align=&#8221;left&#8221; background_image_as_pattern=&#8221;without_pattern&#8221;][vc_column][vc_column_text]Compartim el Real Decreto Ley 8\/2020, de 17 de mar\u00e7, de mesures urgents extraordin\u00e0ries per fer front a l&#8217;impacte econ\u00f2mic i social pel COVID-19. Descarregar el BOE<\/p>\n","protected":false},"author":1,"featured_media":0,"comment_status":"closed","ping_status":"closed","sticky":false,"template":"","format":"standard","meta":{"_et_pb_use_builder":"","_et_pb_old_content":"","_et_gb_content_width":"","footnotes":""},"categories":[14],"tags":[],"class_list":["post-2173","post","type-post","status-publish","format-standard","hentry","category-noticies"],"_links":{"self":[{"href":"https:\/\/www.gestoriadelaguardia.com\/ca\/wp-json\/wp\/v2\/posts\/2173","targetHints":{"allow":["GET"]}}],"collection":[{"href":"https:\/\/www.gestoriadelaguardia.com\/ca\/wp-json\/wp\/v2\/posts"}],"about":[{"href":"https:\/\/www.gestoriadelaguardia.com\/ca\/wp-json\/wp\/v2\/types\/post"}],"author":[{"embeddable":true,"href":"https:\/\/www.gestoriadelaguardia.com\/ca\/wp-json\/wp\/v2\/users\/1"}],"replies":[{"embeddable":true,"href":"https:\/\/www.gestoriadelaguardia.com\/ca\/wp-json\/wp\/v2\/comments?post=2173"}],"version-history":[{"count":1,"href":"https:\/\/www.gestoriadelaguardia.com\/ca\/wp-json\/wp\/v2\/posts\/2173\/revisions"}],"predecessor-version":[{"id":4623,"href":"https:\/\/www.gestoriadelaguardia.com\/ca\/wp-json\/wp\/v2\/posts\/2173\/revisions\/4623"}],"wp:attachment":[{"href":"https:\/\/www.gestoriadelaguardia.com\/ca\/wp-json\/wp\/v2\/media?parent=2173"}],"wp:term":[{"taxonomy":"category","embeddable":true,"href":"https:\/\/www.gestoriadelaguardia.com\/ca\/wp-json\/wp\/v2\/categories?post=2173"},{"taxonomy":"post_tag","embeddable":true,"href":"https:\/\/www.gestoriadelaguardia.com\/ca\/wp-json\/wp\/v2\/tags?post=2173"}],"curies":[{"name":"wp","href":"https:\/\/api.w.org\/{rel}","templated":true}]}}