{"id":2172,"date":"2020-03-19T00:00:00","date_gmt":"2020-03-18T23:00:00","guid":{"rendered":"https:\/\/www.gestoriadelaguardia.com\/?p=2172"},"modified":"2025-04-30T13:42:52","modified_gmt":"2025-04-30T11:42:52","slug":"es-mantenen-els-terminis-de-presentacio-de-declaracions-i-autoliquidacions","status":"publish","type":"post","link":"https:\/\/www.gestoriadelaguardia.com\/ca\/2020\/03\/es-mantenen-els-terminis-de-presentacio-de-declaracions-i-autoliquidacions\/","title":{"rendered":"Es mantenen els terminis de presentaci\u00f3 de declaracions i autoliquidacions"},"content":{"rendered":"<p>En la modificaci\u00f3 del Real Decret 463\/2020, del 14 de mar\u00e7 de 2020, en el que es declara estat d\u2019alarma per la crisi generada pel COVID-19. Cal destacar, d\u2019entre totes les mesures, les que afecten directament als treballadors i empreses.<\/p>\n<p>En primer lloc, es susp\u00e8n l\u2019obertura al p\u00fablic dels locals comercials i establiments minoristes, amb excepci\u00f3 a totes aquelles activitats relacionades amb alimentaci\u00f3, productes d\u2019higiene, b\u00e9ns de primera necessitat, centres veterinaris, \u00f2ptiques, productes ortop\u00e8dics, premsa, combustible, comer\u00e7 per internet, tintoreries, bugaderies i perruqueria a domicili. De la resta d\u2019activitats possibles, se\u2019n suspendria l\u2019activitat a qualsevol establiment si l\u2019autoritat competent considera que pot existir un risc de contagi per les condicions en que es desenvolupa.<\/p>\n<p>Malgrat que en publicacions anteriors, les entitats del sector p\u00fablic comunicaven que una possible suspensi\u00f3 o apla\u00e7ament dels terminis de declaracions i autoliquidacions tribut\u00e0ries queda anul\u00b7lat amb aquesta modificaci\u00f3. \u00c9s a dir, que tant en l\u2019Ag\u00e8ncia Tributaria com en la Seguretat Social, la suspensi\u00f3 dels terminis i la interrupci\u00f3 dels terminis no ser\u00e0 d\u2019aplicaci\u00f3 en els \u00e0mbits de afiliaci\u00f3, liquidaci\u00f3 i cotitzaci\u00f3 de la Seguretat Social, ni tampoc als terminis tributaris de presentaci\u00f3 de models i autoliquidacions de la AEAT.<\/p>\n<p>Per dubtes o m\u00e9s informaci\u00f3 no dubtin posar-vos en contacte amb el nostre departament fiscal de la gestoria. De La Guardia Grup d\u2019Assessors SL posem a la vostra disposici\u00f3 tot el nostre equip per poder afrontar aquesta situaci\u00f3.<\/p>\n<p>Atentament,<\/p>\n<p>DE LA GUARDIA GRUP D\u2019ASSESSORS SL<\/p>\n","protected":false},"excerpt":{"rendered":"<p>En la modificaci\u00f3 del Real Decret 463\/2020, del 14 de mar\u00e7 de 2020, en el que es declara estat d\u2019alarma per la crisi generada pel COVID-19. Cal destacar, d\u2019entre totes les mesures, les que afecten directament als treballadors i empreses. En primer lloc, es susp\u00e8n l\u2019obertura al p\u00fablic dels locals comercials i establiments minoristes, amb [&hellip;]<\/p>\n","protected":false},"author":1,"featured_media":0,"comment_status":"closed","ping_status":"closed","sticky":false,"template":"","format":"standard","meta":{"_et_pb_use_builder":"","_et_pb_old_content":"","_et_gb_content_width":"","footnotes":""},"categories":[14],"tags":[],"class_list":["post-2172","post","type-post","status-publish","format-standard","hentry","category-noticies"],"_links":{"self":[{"href":"https:\/\/www.gestoriadelaguardia.com\/ca\/wp-json\/wp\/v2\/posts\/2172","targetHints":{"allow":["GET"]}}],"collection":[{"href":"https:\/\/www.gestoriadelaguardia.com\/ca\/wp-json\/wp\/v2\/posts"}],"about":[{"href":"https:\/\/www.gestoriadelaguardia.com\/ca\/wp-json\/wp\/v2\/types\/post"}],"author":[{"embeddable":true,"href":"https:\/\/www.gestoriadelaguardia.com\/ca\/wp-json\/wp\/v2\/users\/1"}],"replies":[{"embeddable":true,"href":"https:\/\/www.gestoriadelaguardia.com\/ca\/wp-json\/wp\/v2\/comments?post=2172"}],"version-history":[{"count":1,"href":"https:\/\/www.gestoriadelaguardia.com\/ca\/wp-json\/wp\/v2\/posts\/2172\/revisions"}],"predecessor-version":[{"id":4622,"href":"https:\/\/www.gestoriadelaguardia.com\/ca\/wp-json\/wp\/v2\/posts\/2172\/revisions\/4622"}],"wp:attachment":[{"href":"https:\/\/www.gestoriadelaguardia.com\/ca\/wp-json\/wp\/v2\/media?parent=2172"}],"wp:term":[{"taxonomy":"category","embeddable":true,"href":"https:\/\/www.gestoriadelaguardia.com\/ca\/wp-json\/wp\/v2\/categories?post=2172"},{"taxonomy":"post_tag","embeddable":true,"href":"https:\/\/www.gestoriadelaguardia.com\/ca\/wp-json\/wp\/v2\/tags?post=2172"}],"curies":[{"name":"wp","href":"https:\/\/api.w.org\/{rel}","templated":true}]}}