{"id":2171,"date":"2020-03-18T00:00:00","date_gmt":"2020-03-17T23:00:00","guid":{"rendered":"https:\/\/www.gestoriadelaguardia.com\/?p=2171"},"modified":"2025-04-30T13:42:55","modified_gmt":"2025-04-30T11:42:55","slug":"ajuda-per-a-treballadors-autonoms-afectats-pel-covid-19","status":"publish","type":"post","link":"https:\/\/www.gestoriadelaguardia.com\/ca\/2020\/03\/ajuda-per-a-treballadors-autonoms-afectats-pel-covid-19\/","title":{"rendered":"Ajuda per a treballadors aut\u00f2noms afectats pel COVID-19"},"content":{"rendered":"<p>Aquest 17 de mar\u00e7 de 2020 el Departament de Treball, Afers Socials i Fam\u00edlies de la Generalitat de Catalunya ha comunicat que oferir\u00e0 una <a href=\"https:\/\/treball.gencat.cat\/ca\/ambits\/autonom\/ci\/ajuts-persones-autonomes-afectades-coronavirus\/\" target=\"_blank\" rel=\"noopener\">prestaci\u00f3 econ\u00f2mica<\/a> per a treballadors aut\u00f2noms que acreditin una reducci\u00f3 involunt\u00e0ria i dr\u00e0stica de la seva facturaci\u00f3 de la seva activitat econ\u00f2mica degut als efectes del COVID-19.<\/p>\n<p>Aquesta prestaci\u00f3 t\u00e9 un l\u00edmit de fins a 2.000\u20ac per persona f\u00edsica.<\/p>\n<p>La Generalitat anir\u00e0 atorgant aquestes ajudes pel procediment de concurr\u00e8ncia competitiva fins a esgotar la partida pressupostada que es designi i \u00e9s incompatible amb qualsevol altre ajuda amb la mateixa finalitat.<\/p>\n<p>Per optar a aquesta prestaci\u00f3 s\u2019han de complir una s\u00e8rie de requisits:<\/p>\n<ul>\n<li>Les persones f\u00edsiques han d\u2019estar donats d\u2019alta al r\u00e8gim especial de treballadors aut\u00f2noms de la Seguretat Social i tenir domicili fiscal a Catalunya.<\/li>\n<li>Estar donat d\u2019alta en les activitats que les autoritats sanit\u00e0ries han decretat el tancament publicat al <span style=\"color: #0000ff;\"><a style=\"color: #0000ff;\" href=\"https:\/\/www.sugranyes.com\/wp-content\/uploads\/2020\/03\/BOE-A-2020-3692.pdf\" target=\"_blank\" rel=\"noopener\">BOE del 14 de mar\u00e7 de 2020<\/a><\/span> i no es disposi de fonts alternatives d\u2019ingressos.<\/li>\n<li>Acreditar les p\u00e8rdues econ\u00f2miques de l\u2019activitat al mes de mar\u00e7 comparades amb les del mateix mes de mar\u00e7 del 2019. Si la persona f\u00edsica porta menys d\u2019un any donat d\u2019alta com a treballador aut\u00f2nom es tindr\u00e0 en compte la mitjana de facturaci\u00f3 mensual des de la data d\u2019alta.<\/li>\n<\/ul>\n<p>Aquesta \u00e9s una mesura de la Generalitat de Catalunya pels aut\u00f2noms residents a Catalunya com a resposta urgent a la situaci\u00f3 excepcional que est\u00e0 generant el Coronavirus.<\/p>\n<p>No t\u00e9 en compte les ajudes posteriors que es puguin derivar del Govern Espanyol durant els pr\u00f2xims dies.<\/p>\n","protected":false},"excerpt":{"rendered":"<p>Aquest 17 de mar\u00e7 de 2020 el Departament de Treball, Afers Socials i Fam\u00edlies de la Generalitat de Catalunya ha comunicat que oferir\u00e0 una prestaci\u00f3 econ\u00f2mica per a treballadors aut\u00f2noms que acreditin una reducci\u00f3 involunt\u00e0ria i dr\u00e0stica de la seva facturaci\u00f3 de la seva activitat econ\u00f2mica degut als efectes del COVID-19. Aquesta prestaci\u00f3 t\u00e9 un [&hellip;]<\/p>\n","protected":false},"author":1,"featured_media":0,"comment_status":"closed","ping_status":"closed","sticky":false,"template":"","format":"standard","meta":{"_et_pb_use_builder":"","_et_pb_old_content":"","_et_gb_content_width":"","footnotes":""},"categories":[14],"tags":[],"class_list":["post-2171","post","type-post","status-publish","format-standard","hentry","category-noticies"],"_links":{"self":[{"href":"https:\/\/www.gestoriadelaguardia.com\/ca\/wp-json\/wp\/v2\/posts\/2171","targetHints":{"allow":["GET"]}}],"collection":[{"href":"https:\/\/www.gestoriadelaguardia.com\/ca\/wp-json\/wp\/v2\/posts"}],"about":[{"href":"https:\/\/www.gestoriadelaguardia.com\/ca\/wp-json\/wp\/v2\/types\/post"}],"author":[{"embeddable":true,"href":"https:\/\/www.gestoriadelaguardia.com\/ca\/wp-json\/wp\/v2\/users\/1"}],"replies":[{"embeddable":true,"href":"https:\/\/www.gestoriadelaguardia.com\/ca\/wp-json\/wp\/v2\/comments?post=2171"}],"version-history":[{"count":1,"href":"https:\/\/www.gestoriadelaguardia.com\/ca\/wp-json\/wp\/v2\/posts\/2171\/revisions"}],"predecessor-version":[{"id":4625,"href":"https:\/\/www.gestoriadelaguardia.com\/ca\/wp-json\/wp\/v2\/posts\/2171\/revisions\/4625"}],"wp:attachment":[{"href":"https:\/\/www.gestoriadelaguardia.com\/ca\/wp-json\/wp\/v2\/media?parent=2171"}],"wp:term":[{"taxonomy":"category","embeddable":true,"href":"https:\/\/www.gestoriadelaguardia.com\/ca\/wp-json\/wp\/v2\/categories?post=2171"},{"taxonomy":"post_tag","embeddable":true,"href":"https:\/\/www.gestoriadelaguardia.com\/ca\/wp-json\/wp\/v2\/tags?post=2171"}],"curies":[{"name":"wp","href":"https:\/\/api.w.org\/{rel}","templated":true}]}}