{"id":2170,"date":"2020-03-19T00:00:00","date_gmt":"2020-03-18T23:00:00","guid":{"rendered":"https:\/\/www.gestoriadelaguardia.com\/?p=2170"},"modified":"2025-04-30T13:42:52","modified_gmt":"2025-04-30T11:42:52","slug":"informacio-covid-19-sobre-els-tramits-amb-la-dgt","status":"publish","type":"post","link":"https:\/\/www.gestoriadelaguardia.com\/ca\/2020\/03\/informacio-covid-19-sobre-els-tramits-amb-la-dgt\/","title":{"rendered":"Informaci\u00f3 COVID-19 sobre els tr\u00e0mits amb la DGT"},"content":{"rendered":"<p>Des de la Guardia Grup d\u2019Assessors SL,L, conscients de l\u2019alerta sanit\u00e0ria provocada pel Covid-19, estem prenent una s\u00e8rie de mesures de prevenci\u00f3 d\u2019acord amb les recomanacions de les autoritats sanit\u00e0ries.<\/p>\n<p>Tamb\u00e9 la DGT i el Col\u00b7legi de Gestors han adoptat mesures que afecten al nostre servei.<\/p>\n<p>Amb l\u2019objectiu de que aquestes afectin el m\u00ednim possible als nostres clients, us indiquem com procedirem durant els pr\u00f2xims quinze dies.<\/p>\n<p>A partir del 17 de mar\u00e7 de 2020 i fins nou av\u00eds, tant la <span style=\"color: #0000ff;\"><strong><a style=\"color: #0000ff;\" href=\"http:\/\/www.dgt.es\/Galerias\/prensa\/2020\/03\/Comunicado-medidas-DGT-COVID19.pdf\" target=\"_blank\" rel=\"noopener\">DGT<\/a><\/strong><\/span> com el <span style=\"color: #0000ff;\"><strong><a style=\"color: #0000ff;\" href=\"https:\/\/gestors.cat\/ca\/noticies\/ficha\/3663\/tanquem-les-seus-collegials-pero-continuem-teletreballant\" target=\"_blank\" rel=\"noopener\">Col\u00b7legi de Gestors<\/a><\/strong><\/span>, han tancat tots els serveis d\u2019atenci\u00f3 presencial amb emissi\u00f3 de documentacions en suport paper, per tant tots els tr\u00e0mits realitzats des de la data indicada, no tindran la documentaci\u00f3 definitiva, fins que no hagi acabat el per\u00edode de restriccions.<\/p>\n<p>Per contra, resten oberts tots els serveis que es poden realitzar de forma telem\u00e0tica:<\/p>\n<ul>\n<li>Informes de vehicles.<\/li>\n<li>Emissi\u00f3 de provisionals pels canvis de nom que tindran excepcionalment una durada de 90 dies. La tramitaci\u00f3 s\u2019acabar\u00e0 de concloure una vegada acabi el per\u00edode de restriccions.<\/li>\n<li>Matriculacions amb emissi\u00f3 de documentaci\u00f3 provisional telem\u00e0tica.<\/li>\n<\/ul>\n<p>Per qualsevol aclariment o consulta, ens ho podeu fer via telef\u00f2nica o per correu electr\u00f2nic. De moment el nostre horari d\u2019oficina, \u00e9s l\u2019habitual.<\/p>\n<p>Finalment comunicar-vos que tot l\u2019equip de la gestoria , estem a la vostra disposici\u00f3.<\/p>\n<p>El nostre objectiu \u00e9s ajudar-vos a superar aquesta crisi i segur que junts ho aconseguirem.<\/p>\n","protected":false},"excerpt":{"rendered":"<p>Des de la Guardia Grup d\u2019Assessors SL,L, conscients de l\u2019alerta sanit\u00e0ria provocada pel Covid-19, estem prenent una s\u00e8rie de mesures de prevenci\u00f3 d\u2019acord amb les recomanacions de les autoritats sanit\u00e0ries. Tamb\u00e9 la DGT i el Col\u00b7legi de Gestors han adoptat mesures que afecten al nostre servei. Amb l\u2019objectiu de que aquestes afectin el m\u00ednim possible [&hellip;]<\/p>\n","protected":false},"author":1,"featured_media":0,"comment_status":"closed","ping_status":"closed","sticky":false,"template":"","format":"standard","meta":{"_et_pb_use_builder":"","_et_pb_old_content":"","_et_gb_content_width":"","footnotes":""},"categories":[14],"tags":[],"class_list":["post-2170","post","type-post","status-publish","format-standard","hentry","category-noticies"],"_links":{"self":[{"href":"https:\/\/www.gestoriadelaguardia.com\/ca\/wp-json\/wp\/v2\/posts\/2170","targetHints":{"allow":["GET"]}}],"collection":[{"href":"https:\/\/www.gestoriadelaguardia.com\/ca\/wp-json\/wp\/v2\/posts"}],"about":[{"href":"https:\/\/www.gestoriadelaguardia.com\/ca\/wp-json\/wp\/v2\/types\/post"}],"author":[{"embeddable":true,"href":"https:\/\/www.gestoriadelaguardia.com\/ca\/wp-json\/wp\/v2\/users\/1"}],"replies":[{"embeddable":true,"href":"https:\/\/www.gestoriadelaguardia.com\/ca\/wp-json\/wp\/v2\/comments?post=2170"}],"version-history":[{"count":1,"href":"https:\/\/www.gestoriadelaguardia.com\/ca\/wp-json\/wp\/v2\/posts\/2170\/revisions"}],"predecessor-version":[{"id":4621,"href":"https:\/\/www.gestoriadelaguardia.com\/ca\/wp-json\/wp\/v2\/posts\/2170\/revisions\/4621"}],"wp:attachment":[{"href":"https:\/\/www.gestoriadelaguardia.com\/ca\/wp-json\/wp\/v2\/media?parent=2170"}],"wp:term":[{"taxonomy":"category","embeddable":true,"href":"https:\/\/www.gestoriadelaguardia.com\/ca\/wp-json\/wp\/v2\/categories?post=2170"},{"taxonomy":"post_tag","embeddable":true,"href":"https:\/\/www.gestoriadelaguardia.com\/ca\/wp-json\/wp\/v2\/tags?post=2170"}],"curies":[{"name":"wp","href":"https:\/\/api.w.org\/{rel}","templated":true}]}}