{"id":2168,"date":"2020-03-12T00:00:00","date_gmt":"2020-03-11T23:00:00","guid":{"rendered":"https:\/\/www.gestoriadelaguardia.com\/?p=2168"},"modified":"2025-04-30T13:43:00","modified_gmt":"2025-04-30T11:43:00","slug":"informacio-per-a-empreses-sobre-el-coronavirus","status":"publish","type":"post","link":"https:\/\/www.gestoriadelaguardia.com\/ca\/2020\/03\/informacio-per-a-empreses-sobre-el-coronavirus\/","title":{"rendered":"Informaci\u00f3 per a empreses sobre el coronavirus"},"content":{"rendered":"<p>En relaci\u00f3 al coronavirus SARS-CoV-2, us aportem unes mesures que creiem necess\u00e0ries comunicar als nostres clients, informaci\u00f3 basada amb el GENCAT i el MINISTERIO DE INCLUSI\u00d3N, SEGURIDAD SOCIAL Y MIGRACIONES.<\/p>\n<ul>\n<li>Us adjuntem un document de recomanacions per a empreses i persones treballadores sobre el coronavirus SARS-COV-2 publicat pel GENCAT, el document inclou les mesures de prevenci\u00f3 a adoptar i recomana prioritzar l\u2019\u00fas intensiu de les tecnologies de comunicaci\u00f3 com a alternativa a les reunions presencials, despla\u00e7aments i viatges. Tamb\u00e9 vehicular mesures de flexibilitat per al personal, com ara el teletreball, en els casos en qu\u00e8 sigui possible. <strong><a href=\"https:\/\/www.sugranyes.com\/wp-content\/uploads\/2020\/03\/RECOMANACIONS-PER-A-EMPRESES-I-PERSONES-TREBALLADORES.pdf\" target=\"_blank\" rel=\"noopener\">Veure document<\/a>.<\/strong><\/li>\n<li>Adjuntem enlla\u00e7 v\u00eddeo explicatiu<br \/>\n<iframe style=\"width:100%;max-width:500px;min-height:300px;margin:32px 0;\" src=\"https:\/\/www.youtube.com\/embed\/PGli_Y9G9UU\" frameborder=\"0\" allow=\"accelerometer; autoplay; encrypted-media; gyroscope; picture-in-picture\" allowfullscreen><\/iframe>\n<\/li>\n<li>Cartell \u201cEsva\u00efm inquietuds sobre el coronavirus SARS-COV-2\u201d.\u00a0<strong><a href=\"https:\/\/www.sugranyes.com\/wp-content\/uploads\/2020\/03\/cartell-ciutadania-esvaim-inquietuds.pdf\" target=\"_blank\" rel=\"noopener\">Veure document<\/a>.<\/strong><\/li>\n<li>Nota de premsa publica pel MINISTERIO DE INCLUSI\u00d3N, SEGURIDAD SOCIAL Y MIGRACIONES on es detalla que \u201cEl gobierno aprueba un Real Decreto-Ley 06\/2020 de 10 de marzo, por el que se asimilan estos casos a Incapacidad Temporal por Accidente de Trabajo\u201d.\u00a0<strong><a href=\"https:\/\/www.sugranyes.com\/wp-content\/uploads\/2020\/03\/NOTA-DE-PRENSA.pdf\" target=\"_blank\" rel=\"noopener\">Veure document<\/a>.<\/strong><\/li>\n<\/ul>\n<h2 style=\"margin-top: 32px;\">Noves mesures per a la contenci\u00f3 del coronavirus<\/h2>\n<p><strong>S\u2019ha acordat la suspensi\u00f3 d\u2019activitats col\u00b7lectives que impliquin una concentraci\u00f3 superior a 1.000 persones.<\/strong><\/p>\n<p>El Pla de Protecci\u00f3 Civil de Catalunya (Procicat) ha passat a fase d\u2019alerta per poder mantenir una situaci\u00f3 de seguiment i contenci\u00f3 del coronavirus. Aix\u00ed s\u2019ha decidit en la reuni\u00f3 del Comit\u00e8 T\u00e8cnic del pla del Procicat per emerg\u00e8ncies associades a malalties transmissibles emergents d\u2019alt risc.<\/p>\n<p>El Govern ha anunciat noves mesures, que entraran en vigor dijous, 12 de mar\u00e7, per un per\u00edode de 15 dies, com la suspensi\u00f3 d\u2019activitats col\u00b7lectives que impliquin una concentraci\u00f3 superior a 1.000 persones o la celebraci\u00f3 de tots els esdeveniments esportius a porta tancada.<\/p>\n<h2>Noves mesures preventives<\/h2>\n<p>Els esdeveniments esportius, professionals i no professionals, que se celebrin a Catalunya es faran a porta tancada, excepte aquells en qu\u00e8 hi participin menors d\u2019edat, que podran anar acompanyats.<\/p>\n<p>Se suspenen o s\u2019ajornen les activitats col\u00b7lectives en espais tancats o oberts que impliquin una concentraci\u00f3 superior a 1.000 persones.<\/p>\n<p>En els casos en qu\u00e8 aquestes activitats es desenvolupin en espais amb aforament inferior a les 1.000 persones, es podran celebrar \u00fanicament si nom\u00e9s s\u2019ocupa un ter\u00e7 de l\u2019aforament m\u00e0xim autoritzat, amb l\u2019objectiu de garantir un espai de separaci\u00f3 adequat entre els participants.<\/p>\n<p>Aquestes mesures de restricci\u00f3 s\u2019apliquen a espectacles p\u00fablics, recreatius i d\u2019oci, activitats culturals, religioses o similars, amb independ\u00e8ncia que siguin ofertes per un titular, explotador o organitzador p\u00fablic o privat.<\/p>\n","protected":false},"excerpt":{"rendered":"<p>En relaci\u00f3 al coronavirus SARS-CoV-2, us aportem unes mesures que creiem necess\u00e0ries comunicar als nostres clients, informaci\u00f3 basada amb el GENCAT i el MINISTERIO DE INCLUSI\u00d3N, SEGURIDAD SOCIAL Y MIGRACIONES. Us adjuntem un document de recomanacions per a empreses i persones treballadores sobre el coronavirus SARS-COV-2 publicat pel GENCAT, el document inclou les mesures de [&hellip;]<\/p>\n","protected":false},"author":1,"featured_media":0,"comment_status":"closed","ping_status":"closed","sticky":false,"template":"","format":"standard","meta":{"_et_pb_use_builder":"","_et_pb_old_content":"","_et_gb_content_width":"","footnotes":""},"categories":[14],"tags":[],"class_list":["post-2168","post","type-post","status-publish","format-standard","hentry","category-noticies"],"_links":{"self":[{"href":"https:\/\/www.gestoriadelaguardia.com\/ca\/wp-json\/wp\/v2\/posts\/2168","targetHints":{"allow":["GET"]}}],"collection":[{"href":"https:\/\/www.gestoriadelaguardia.com\/ca\/wp-json\/wp\/v2\/posts"}],"about":[{"href":"https:\/\/www.gestoriadelaguardia.com\/ca\/wp-json\/wp\/v2\/types\/post"}],"author":[{"embeddable":true,"href":"https:\/\/www.gestoriadelaguardia.com\/ca\/wp-json\/wp\/v2\/users\/1"}],"replies":[{"embeddable":true,"href":"https:\/\/www.gestoriadelaguardia.com\/ca\/wp-json\/wp\/v2\/comments?post=2168"}],"version-history":[{"count":1,"href":"https:\/\/www.gestoriadelaguardia.com\/ca\/wp-json\/wp\/v2\/posts\/2168\/revisions"}],"predecessor-version":[{"id":4630,"href":"https:\/\/www.gestoriadelaguardia.com\/ca\/wp-json\/wp\/v2\/posts\/2168\/revisions\/4630"}],"wp:attachment":[{"href":"https:\/\/www.gestoriadelaguardia.com\/ca\/wp-json\/wp\/v2\/media?parent=2168"}],"wp:term":[{"taxonomy":"category","embeddable":true,"href":"https:\/\/www.gestoriadelaguardia.com\/ca\/wp-json\/wp\/v2\/categories?post=2168"},{"taxonomy":"post_tag","embeddable":true,"href":"https:\/\/www.gestoriadelaguardia.com\/ca\/wp-json\/wp\/v2\/tags?post=2168"}],"curies":[{"name":"wp","href":"https:\/\/api.w.org\/{rel}","templated":true}]}}