{"id":2167,"date":"2020-03-09T00:00:00","date_gmt":"2020-03-08T23:00:00","guid":{"rendered":"https:\/\/www.gestoriadelaguardia.com\/?p=2167"},"modified":"2025-04-30T13:43:02","modified_gmt":"2025-04-30T11:43:02","slug":"sentencia-tjue-sobre-lindex-irph","status":"publish","type":"post","link":"https:\/\/www.gestoriadelaguardia.com\/ca\/2020\/03\/sentencia-tjue-sobre-lindex-irph\/","title":{"rendered":"Sent\u00e8ncia TJUE sobre l\u2019\u00edndex IRPH"},"content":{"rendered":"<p>En motiu de la publicaci\u00f3 de la Sent\u00e8ncia del TJUE de data 3 de mar\u00e7 de 2020, dictada en l\u2019assumpte C-125\/2018, cas G\u00f3mez del Moral, i despr\u00e9s d\u2019haver analitzat amb deteniment el contingut d\u2019aquesta resoluci\u00f3, i despr\u00e9s d\u2019haver analitzat diverses opinions jur\u00eddiques que s\u2019han anat publicant al llarg dels \u00faltims dies, des de Gestoria de la Guardia, arribem a la conclusi\u00f3 definitiva que, des del moment de la publicaci\u00f3 d\u2019aquesta resoluci\u00f3, que \u00e9s d\u2019obligat compliment pels Tribunals espanyols, \u00c9S TOTALMENT VIABLE iniciar la sol\u00b7licitud de declaraci\u00f3 de nul\u00b7litat d\u2019aquesta cl\u00e0usula donat que el TJUE obliga ara als Tribunals espanyols fer el <strong>judici de transpar\u00e8ncia<\/strong> d\u2019aquesta cl\u00e0usula que el Tribunal Suprem havia vetat fins ara.<\/p>\n<p>\u00c9s precisament l\u2019obertura d\u2019aquest control de transpar\u00e8ncia per part dels tribunals el que fa viable la pretensi\u00f3 de declaraci\u00f3 de nul\u00b7litat que des del nostre despatx aconsellem,\u00a0<strong>ara si<\/strong>, iniciar.<\/p>\n<p>El fonament de la nostra pretensi\u00f3 \u00e9s precisament la manca de transpar\u00e8ncia de les entitats banc\u00e0ries a l\u2019hora d\u2019informar el client pr\u00e8via formalitzaci\u00f3 dels pr\u00e9stecs hipotecaris, clients que desconeixent la composici\u00f3 de l\u2019\u00edndex, el real comportament de l\u2019\u00edndex de refer\u00e8ncia, i el fet de tenir tipus permanentment m\u00e9s elevats, van subscriure pr\u00e9stecs desconeixent a quin tipus d\u2019\u00edndex estaven referenciant el seu pr\u00e9stec, i no informant degudament l\u2019entitat banc\u00e0ria al client, ni de la real composici\u00f3 d\u2019aquesta refer\u00e8ncia ni del seu comportament, ni del seu encariment permanent, ni del seu comportament totalment dispar respecte l\u2019Euribor.<\/p>\n<p>Al departament Jur\u00eddic de Gestoria de la Guardia l\u2019orientarem i l\u2019assessorarem per fer viable la defensa dels seus drets com a consumidor, cam\u00ed que ara si queda completament obert gr\u00e0cies a la nova resoluci\u00f3 del TJUE.<\/p>\n<p>En cas de que desitgi m\u00e9s informaci\u00f3 al respecte pot contactar amb nosaltres a trav\u00e9s del correu advocats@gestoriadelaguardia.com o b\u00e9 a trav\u00e9s del tel\u00e8fon 977338799.<\/p>\n<p><strong><a href=\"https:\/\/www.sugranyes.com\/wp-content\/uploads\/2020\/03\/STJUE-3-de-marzo-de-2020-sobre-el-IRPH.pdf\" target=\"_blank\" rel=\"noopener\">Descarrega la STJUE 3 de marzo de 2020 sobre el IRPH aqu\u00ed<\/a><\/strong><\/p>\n","protected":false},"excerpt":{"rendered":"<p>En motiu de la publicaci\u00f3 de la Sent\u00e8ncia del TJUE de data 3 de mar\u00e7 de 2020, dictada en l\u2019assumpte C-125\/2018, cas G\u00f3mez del Moral, i despr\u00e9s d\u2019haver analitzat amb deteniment el contingut d\u2019aquesta resoluci\u00f3, i despr\u00e9s d\u2019haver analitzat diverses opinions jur\u00eddiques que s\u2019han anat publicant al llarg dels \u00faltims dies, des de Gestoria de [&hellip;]<\/p>\n","protected":false},"author":1,"featured_media":0,"comment_status":"closed","ping_status":"closed","sticky":false,"template":"","format":"standard","meta":{"_et_pb_use_builder":"","_et_pb_old_content":"","_et_gb_content_width":"","footnotes":""},"categories":[14],"tags":[],"class_list":["post-2167","post","type-post","status-publish","format-standard","hentry","category-noticies"],"_links":{"self":[{"href":"https:\/\/www.gestoriadelaguardia.com\/ca\/wp-json\/wp\/v2\/posts\/2167","targetHints":{"allow":["GET"]}}],"collection":[{"href":"https:\/\/www.gestoriadelaguardia.com\/ca\/wp-json\/wp\/v2\/posts"}],"about":[{"href":"https:\/\/www.gestoriadelaguardia.com\/ca\/wp-json\/wp\/v2\/types\/post"}],"author":[{"embeddable":true,"href":"https:\/\/www.gestoriadelaguardia.com\/ca\/wp-json\/wp\/v2\/users\/1"}],"replies":[{"embeddable":true,"href":"https:\/\/www.gestoriadelaguardia.com\/ca\/wp-json\/wp\/v2\/comments?post=2167"}],"version-history":[{"count":1,"href":"https:\/\/www.gestoriadelaguardia.com\/ca\/wp-json\/wp\/v2\/posts\/2167\/revisions"}],"predecessor-version":[{"id":4632,"href":"https:\/\/www.gestoriadelaguardia.com\/ca\/wp-json\/wp\/v2\/posts\/2167\/revisions\/4632"}],"wp:attachment":[{"href":"https:\/\/www.gestoriadelaguardia.com\/ca\/wp-json\/wp\/v2\/media?parent=2167"}],"wp:term":[{"taxonomy":"category","embeddable":true,"href":"https:\/\/www.gestoriadelaguardia.com\/ca\/wp-json\/wp\/v2\/categories?post=2167"},{"taxonomy":"post_tag","embeddable":true,"href":"https:\/\/www.gestoriadelaguardia.com\/ca\/wp-json\/wp\/v2\/tags?post=2167"}],"curies":[{"name":"wp","href":"https:\/\/api.w.org\/{rel}","templated":true}]}}