{"id":2165,"date":"2019-12-18T00:00:00","date_gmt":"2019-12-17T23:00:00","guid":{"rendered":"https:\/\/www.gestoriadelaguardia.com\/?p=2165"},"modified":"2025-04-30T13:43:07","modified_gmt":"2025-04-30T11:43:07","slug":"novetats-per-a-les-administracions-publiques-model-645","status":"publish","type":"post","link":"https:\/\/www.gestoriadelaguardia.com\/ca\/2019\/12\/novetats-per-a-les-administracions-publiques-model-645\/","title":{"rendered":"Novetats per a les administracions p\u00fabliques &#8211; model 645"},"content":{"rendered":"<p>El passat 25.11.2019 va ser aprovat <strong>el nou model 645<\/strong> de comunicaci\u00f3 de dades de les concessions administratives i altres actes o negocis admnistratius equiparats atorgats per les administracions p\u00fabliques a l\u2019Ag\u00e8ncia Tribut\u00e0ria de Catalunya. (<a href=\"https:\/\/dogc.gencat.cat\/es\/pdogc_canals_interns\/pdogc_sumari_del_dogc\/?anexos=1&amp;selectedYear=2019&amp;selectedMonth=10&amp;numDOGC=8009&amp;language=es_ES#\" target=\"_blank\" rel=\"noopener\">Ressoluci\u00f3 VEH\/3102\/2019- DOGC 8009<\/a>).<\/p>\n<p>\u00c9s un model merament informatiu per\u00f2 obligatori que ha de ser tram\u00e8s a trav\u00e9s de la Seu Electr\u00f2nica de l&#8217;\u00c0gencia <strong>de l&#8217;1 al 31 de mar\u00e7.<\/strong><\/p>\n","protected":false},"excerpt":{"rendered":"<p>El passat 25.11.2019 va ser aprovat el nou model 645 de comunicaci\u00f3 de dades de les concessions administratives i altres actes o negocis admnistratius equiparats atorgats per les administracions p\u00fabliques a l\u2019Ag\u00e8ncia Tribut\u00e0ria de Catalunya. (Ressoluci\u00f3 VEH\/3102\/2019- DOGC 8009). \u00c9s un model merament informatiu per\u00f2 obligatori que ha de ser tram\u00e8s a trav\u00e9s de la [&hellip;]<\/p>\n","protected":false},"author":1,"featured_media":0,"comment_status":"closed","ping_status":"closed","sticky":false,"template":"","format":"standard","meta":{"_et_pb_use_builder":"","_et_pb_old_content":"","_et_gb_content_width":"","footnotes":""},"categories":[14],"tags":[],"class_list":["post-2165","post","type-post","status-publish","format-standard","hentry","category-noticies"],"_links":{"self":[{"href":"https:\/\/www.gestoriadelaguardia.com\/ca\/wp-json\/wp\/v2\/posts\/2165","targetHints":{"allow":["GET"]}}],"collection":[{"href":"https:\/\/www.gestoriadelaguardia.com\/ca\/wp-json\/wp\/v2\/posts"}],"about":[{"href":"https:\/\/www.gestoriadelaguardia.com\/ca\/wp-json\/wp\/v2\/types\/post"}],"author":[{"embeddable":true,"href":"https:\/\/www.gestoriadelaguardia.com\/ca\/wp-json\/wp\/v2\/users\/1"}],"replies":[{"embeddable":true,"href":"https:\/\/www.gestoriadelaguardia.com\/ca\/wp-json\/wp\/v2\/comments?post=2165"}],"version-history":[{"count":1,"href":"https:\/\/www.gestoriadelaguardia.com\/ca\/wp-json\/wp\/v2\/posts\/2165\/revisions"}],"predecessor-version":[{"id":4638,"href":"https:\/\/www.gestoriadelaguardia.com\/ca\/wp-json\/wp\/v2\/posts\/2165\/revisions\/4638"}],"wp:attachment":[{"href":"https:\/\/www.gestoriadelaguardia.com\/ca\/wp-json\/wp\/v2\/media?parent=2165"}],"wp:term":[{"taxonomy":"category","embeddable":true,"href":"https:\/\/www.gestoriadelaguardia.com\/ca\/wp-json\/wp\/v2\/categories?post=2165"},{"taxonomy":"post_tag","embeddable":true,"href":"https:\/\/www.gestoriadelaguardia.com\/ca\/wp-json\/wp\/v2\/tags?post=2165"}],"curies":[{"name":"wp","href":"https:\/\/api.w.org\/{rel}","templated":true}]}}