{"id":2164,"date":"2019-12-18T00:00:00","date_gmt":"2019-12-17T23:00:00","guid":{"rendered":"https:\/\/www.gestoriadelaguardia.com\/?p=2164"},"modified":"2025-04-30T13:43:06","modified_gmt":"2025-04-30T11:43:06","slug":"encara-ets-a-temps-de-pendre-decisions-per-a-rebaixar-el-irpf-de-la-teva-declaracio-de-la-renda","status":"publish","type":"post","link":"https:\/\/www.gestoriadelaguardia.com\/ca\/2019\/12\/encara-ets-a-temps-de-pendre-decisions-per-a-rebaixar-el-irpf-de-la-teva-declaracio-de-la-renda\/","title":{"rendered":"Encara ets a temps de pendre decisions per a rebaixar el IRPF de la teva declaraci\u00f3 de la renda"},"content":{"rendered":"<p>Des de l\u2019 equip de Gestoria de la Guardia volem contribuir a intentar rebaixar la seva declaraci\u00f3 d\u2019IRPF.<\/p>\n<p>Com?<\/p>\n<ul>\n<li>Fent aportacions a plans de pensions<\/li>\n<li>Fent aportacions a plans de previsi\u00f3 socials a favor del c\u00f2njuge<\/li>\n<li>Fent amortitzacions anticipades de la seva hipoteca<\/li>\n<li>A decidir si lloga un immoble del que n\u00b4\u00e9s propietari<\/li>\n<li>Pels majors de 65 anys, en cas de tenir un guany patrimonial, no el que sigui immoble, pot arribar a resultar<\/li>\n<li>Deduccions per donatius<\/li>\n<li>Deduccions per inversi\u00f3 en empreses de nova creaci\u00f3<\/li>\n<\/ul>\n<p>Abans de prendre qualsevol decisi\u00f3 li farem els c\u00e0lcul per veure els l\u00edmits i com li afecta tenint present que cada cas \u00e9s diferent.<\/p>\n","protected":false},"excerpt":{"rendered":"<p>Des de l\u2019 equip de Gestoria de la Guardia volem contribuir a intentar rebaixar la seva declaraci\u00f3 d\u2019IRPF. Com? Fent aportacions a plans de pensions Fent aportacions a plans de previsi\u00f3 socials a favor del c\u00f2njuge Fent amortitzacions anticipades de la seva hipoteca A decidir si lloga un immoble del que n\u00b4\u00e9s propietari Pels majors [&hellip;]<\/p>\n","protected":false},"author":1,"featured_media":0,"comment_status":"closed","ping_status":"closed","sticky":false,"template":"","format":"standard","meta":{"_et_pb_use_builder":"","_et_pb_old_content":"","_et_gb_content_width":"","footnotes":""},"categories":[14],"tags":[],"class_list":["post-2164","post","type-post","status-publish","format-standard","hentry","category-noticies"],"_links":{"self":[{"href":"https:\/\/www.gestoriadelaguardia.com\/ca\/wp-json\/wp\/v2\/posts\/2164","targetHints":{"allow":["GET"]}}],"collection":[{"href":"https:\/\/www.gestoriadelaguardia.com\/ca\/wp-json\/wp\/v2\/posts"}],"about":[{"href":"https:\/\/www.gestoriadelaguardia.com\/ca\/wp-json\/wp\/v2\/types\/post"}],"author":[{"embeddable":true,"href":"https:\/\/www.gestoriadelaguardia.com\/ca\/wp-json\/wp\/v2\/users\/1"}],"replies":[{"embeddable":true,"href":"https:\/\/www.gestoriadelaguardia.com\/ca\/wp-json\/wp\/v2\/comments?post=2164"}],"version-history":[{"count":1,"href":"https:\/\/www.gestoriadelaguardia.com\/ca\/wp-json\/wp\/v2\/posts\/2164\/revisions"}],"predecessor-version":[{"id":4637,"href":"https:\/\/www.gestoriadelaguardia.com\/ca\/wp-json\/wp\/v2\/posts\/2164\/revisions\/4637"}],"wp:attachment":[{"href":"https:\/\/www.gestoriadelaguardia.com\/ca\/wp-json\/wp\/v2\/media?parent=2164"}],"wp:term":[{"taxonomy":"category","embeddable":true,"href":"https:\/\/www.gestoriadelaguardia.com\/ca\/wp-json\/wp\/v2\/categories?post=2164"},{"taxonomy":"post_tag","embeddable":true,"href":"https:\/\/www.gestoriadelaguardia.com\/ca\/wp-json\/wp\/v2\/tags?post=2164"}],"curies":[{"name":"wp","href":"https:\/\/api.w.org\/{rel}","templated":true}]}}