{"id":2162,"date":"2019-09-27T00:00:00","date_gmt":"2019-09-26T22:00:00","guid":{"rendered":"https:\/\/www.gestoriadelaguardia.com\/?p=2162"},"modified":"2025-04-30T13:43:11","modified_gmt":"2025-04-30T11:43:11","slug":"google-i-el-dret-a-loblit-que-ha-passat","status":"publish","type":"post","link":"https:\/\/www.gestoriadelaguardia.com\/ca\/2019\/09\/google-i-el-dret-a-loblit-que-ha-passat\/","title":{"rendered":"Google i el dret a l&#8217;oblit. \u00bfQu\u00e8 ha passat?"},"content":{"rendered":"<p>El tribunal de Just\u00edcia de la Uni\u00f3 Europea (TJUE) arran de la demanda presentada per la Comissi\u00f3 Nacional d&#8217;Inform\u00e0tica i Llibertats de Fran\u00e7a, despr\u00e9s de la negativa de Google de retirar de tot el m\u00f3n uns enlla\u00e7os que havien denunciat uns ciutadans francesos, <strong>dictamina que Google nom\u00e9s estar\u00e0 obligat a retirar els enlla\u00e7os que un ciutad\u00e0 demani als estats de la Uni\u00f3 Europea, no per a tot el m\u00f3n.<\/strong> El TJUE argumenta que el dret de la Uni\u00f3 Europea(UE) nom\u00e9s es pot aplicar als pa\u00efsos membres de la UE i no pot anar m\u00e9s enll\u00e0.<\/p>\n<p>El TJUE subratlla que retirar tots els enlla\u00e7os en el m\u00f3n respondria plenament a l\u2019objectiu de protecci\u00f3 que persegueix el Dret de la Uni\u00f3. No obstant, tamb\u00e9 assumeix que altres pa\u00efsos no contemplen el dret a la retirada d\u2019informaci\u00f3 personal o ho contemplen des d\u2019una perspectiva diferent i que malgrat la seva import\u00e0ncia, el dret a la protecci\u00f3 de dades personals no constitueix un dret absolut, si no que s\u2019ha de considerar en relaci\u00f3 amb la seva funci\u00f3 a la societat i mantenir cert equilibri proporcional amb altres drets fonamentals.<\/p>\n<p>Ara b\u00e9, la sent\u00e8ncia estableix que Google ha de prendre mesures per impedir o dificultar que usuaris que estan en un pa\u00eds comunitari puguin<strong>\u00a0<\/strong>accedir a aquests enlla\u00e7os des de versions del motor de cerca de fora de la Uni\u00f3 Europea.<\/p>\n","protected":false},"excerpt":{"rendered":"<p>El tribunal de Just\u00edcia de la Uni\u00f3 Europea (TJUE) arran de la demanda presentada per la Comissi\u00f3 Nacional d&#8217;Inform\u00e0tica i Llibertats de Fran\u00e7a, despr\u00e9s de la negativa de Google de retirar de tot el m\u00f3n uns enlla\u00e7os que havien denunciat uns ciutadans francesos, dictamina que Google nom\u00e9s estar\u00e0 obligat a retirar els enlla\u00e7os que un [&hellip;]<\/p>\n","protected":false},"author":1,"featured_media":0,"comment_status":"closed","ping_status":"closed","sticky":false,"template":"","format":"standard","meta":{"_et_pb_use_builder":"","_et_pb_old_content":"","_et_gb_content_width":"","footnotes":""},"categories":[14],"tags":[],"class_list":["post-2162","post","type-post","status-publish","format-standard","hentry","category-noticies"],"_links":{"self":[{"href":"https:\/\/www.gestoriadelaguardia.com\/ca\/wp-json\/wp\/v2\/posts\/2162","targetHints":{"allow":["GET"]}}],"collection":[{"href":"https:\/\/www.gestoriadelaguardia.com\/ca\/wp-json\/wp\/v2\/posts"}],"about":[{"href":"https:\/\/www.gestoriadelaguardia.com\/ca\/wp-json\/wp\/v2\/types\/post"}],"author":[{"embeddable":true,"href":"https:\/\/www.gestoriadelaguardia.com\/ca\/wp-json\/wp\/v2\/users\/1"}],"replies":[{"embeddable":true,"href":"https:\/\/www.gestoriadelaguardia.com\/ca\/wp-json\/wp\/v2\/comments?post=2162"}],"version-history":[{"count":1,"href":"https:\/\/www.gestoriadelaguardia.com\/ca\/wp-json\/wp\/v2\/posts\/2162\/revisions"}],"predecessor-version":[{"id":4642,"href":"https:\/\/www.gestoriadelaguardia.com\/ca\/wp-json\/wp\/v2\/posts\/2162\/revisions\/4642"}],"wp:attachment":[{"href":"https:\/\/www.gestoriadelaguardia.com\/ca\/wp-json\/wp\/v2\/media?parent=2162"}],"wp:term":[{"taxonomy":"category","embeddable":true,"href":"https:\/\/www.gestoriadelaguardia.com\/ca\/wp-json\/wp\/v2\/categories?post=2162"},{"taxonomy":"post_tag","embeddable":true,"href":"https:\/\/www.gestoriadelaguardia.com\/ca\/wp-json\/wp\/v2\/tags?post=2162"}],"curies":[{"name":"wp","href":"https:\/\/api.w.org\/{rel}","templated":true}]}}