{"id":2160,"date":"2019-09-16T00:00:00","date_gmt":"2019-09-15T22:00:00","guid":{"rendered":"https:\/\/www.gestoriadelaguardia.com\/?p=2160"},"modified":"2025-04-30T13:43:14","modified_gmt":"2025-04-30T11:43:14","slug":"i-r-p-h-possible-futura-nullitat-de-lindex-ladvocat-general-del-t-j-u-e-es-posiciona-novament-a-favor-del-consumidors","status":"publish","type":"post","link":"https:\/\/www.gestoriadelaguardia.com\/ca\/2019\/09\/i-r-p-h-possible-futura-nullitat-de-lindex-ladvocat-general-del-t-j-u-e-es-posiciona-novament-a-favor-del-consumidors\/","title":{"rendered":"I.R.P.H. Possible futura nul\u00b7litat de l\u2019Index. L\u2019advocat General del T.J.U.E. es posiciona novament a favor del consumidors"},"content":{"rendered":"<p><strong>Not\u00edcia esperan\u00e7adora per a tots els titulars de pr\u00e9stecs hipotecaris amb \u00edndex de refer\u00e8ncia I.R.P.H.<\/strong><\/p>\n<p class=\"p1\"><span class=\"s1\">La recent presentaci\u00f3 per part del Sr. Maciej Szpunar, Advocat General del Tribunal de Just\u00edcia de la Uni\u00f3 Europea (T.J.U.E.), informant favorablement sobre l\u2019anul\u00b7laci\u00f3 d\u2019aquelles hipoteques que van ser comercialitzades per les entitats banc\u00e0ries sense la suficient transpar\u00e8ncia, es el comen\u00e7ament d\u2019una futura oportunitat per poder reclamar judicialment all\u00f2 que els hi pertoca als consumidors. <\/span><\/p>\n<p class=\"p1\"><span class=\"s1\">Segons el Sr. Szpunar, en les seves conclusions presentades el passat dia 10\/9\/2019 en l\u2019assumpte n\u00fam. C-125\/18, l\u2019\u00edndex I.R.P.H. no es pot entendre excl\u00f2s de l\u2019\u00e0mbit de la directiva europea de les cl\u00e0usules abusives, i conseq\u00fcentment, pot ser objecte de control per part dels Tribunals. <\/span><\/p>\n<p class=\"p1\"><span class=\"s1\">Si b\u00e9 la seva postura no es vinculant per al T.J.U.E. hi te un pes important en la futura resoluci\u00f3 que han de prendre els magistrats del Tribunal europeu i tot augura i fa pensar en que la futura Sent\u00e8ncia encara per dictar seguir\u00e0 la mateixa l\u00ednia argumental.<\/span><\/p>\n<p class=\"p1\"><span class=\"s1\">No obstant aix\u00f2, ens haurem d\u2019esperar a que el T.J.U.E. dicti la oportuna resoluci\u00f3 definitiva sobre el recurs, el qual es preveu a finals d\u2019aquest any principis del 2020.<\/span><\/p>\n<p class=\"p1\"><span class=\"s1\">En previsi\u00f3 d\u2019aquesta futura resoluci\u00f3 poden dirigir-se a la nostra Assessoria per tal de rebre un primer assessorament per part dels nostres advocats de forma gratu\u00efta. Els esperem. A la seva disposici\u00f3<\/span><\/p>\n","protected":false},"excerpt":{"rendered":"<p>Not\u00edcia esperan\u00e7adora per a tots els titulars de pr\u00e9stecs hipotecaris amb \u00edndex de refer\u00e8ncia I.R.P.H. La recent presentaci\u00f3 per part del Sr. Maciej Szpunar, Advocat General del Tribunal de Just\u00edcia de la Uni\u00f3 Europea (T.J.U.E.), informant favorablement sobre l\u2019anul\u00b7laci\u00f3 d\u2019aquelles hipoteques que van ser comercialitzades per les entitats banc\u00e0ries sense la suficient transpar\u00e8ncia, es el [&hellip;]<\/p>\n","protected":false},"author":1,"featured_media":0,"comment_status":"closed","ping_status":"closed","sticky":false,"template":"","format":"standard","meta":{"_et_pb_use_builder":"","_et_pb_old_content":"","_et_gb_content_width":"","footnotes":""},"categories":[14],"tags":[],"class_list":["post-2160","post","type-post","status-publish","format-standard","hentry","category-noticies"],"_links":{"self":[{"href":"https:\/\/www.gestoriadelaguardia.com\/ca\/wp-json\/wp\/v2\/posts\/2160","targetHints":{"allow":["GET"]}}],"collection":[{"href":"https:\/\/www.gestoriadelaguardia.com\/ca\/wp-json\/wp\/v2\/posts"}],"about":[{"href":"https:\/\/www.gestoriadelaguardia.com\/ca\/wp-json\/wp\/v2\/types\/post"}],"author":[{"embeddable":true,"href":"https:\/\/www.gestoriadelaguardia.com\/ca\/wp-json\/wp\/v2\/users\/1"}],"replies":[{"embeddable":true,"href":"https:\/\/www.gestoriadelaguardia.com\/ca\/wp-json\/wp\/v2\/comments?post=2160"}],"version-history":[{"count":1,"href":"https:\/\/www.gestoriadelaguardia.com\/ca\/wp-json\/wp\/v2\/posts\/2160\/revisions"}],"predecessor-version":[{"id":4646,"href":"https:\/\/www.gestoriadelaguardia.com\/ca\/wp-json\/wp\/v2\/posts\/2160\/revisions\/4646"}],"wp:attachment":[{"href":"https:\/\/www.gestoriadelaguardia.com\/ca\/wp-json\/wp\/v2\/media?parent=2160"}],"wp:term":[{"taxonomy":"category","embeddable":true,"href":"https:\/\/www.gestoriadelaguardia.com\/ca\/wp-json\/wp\/v2\/categories?post=2160"},{"taxonomy":"post_tag","embeddable":true,"href":"https:\/\/www.gestoriadelaguardia.com\/ca\/wp-json\/wp\/v2\/tags?post=2160"}],"curies":[{"name":"wp","href":"https:\/\/api.w.org\/{rel}","templated":true}]}}