{"id":2159,"date":"2019-09-12T00:00:00","date_gmt":"2019-09-11T22:00:00","guid":{"rendered":"https:\/\/www.gestoriadelaguardia.com\/?p=2159"},"modified":"2025-04-30T13:43:17","modified_gmt":"2025-04-30T11:43:17","slug":"desgraven-o-no-desgraven-els-donatius-a-collegis-concertats","status":"publish","type":"post","link":"https:\/\/www.gestoriadelaguardia.com\/ca\/2019\/09\/desgraven-o-no-desgraven-els-donatius-a-collegis-concertats\/","title":{"rendered":"Desgraven o no desgraven els donatius a col\u00b7legis concertats?"},"content":{"rendered":"<p>Una de les preguntes que es fan pares i mares, en el moment que els seus fills comencen el curs a una escola concertada, \u00e9s si els donatius que fan a les fundacions d\u2019aquests col\u00b7legis seran dedu\u00efbles de cara l\u2019Impost de la Renda de les Persones F\u00edsiques o no.<\/p>\n<p>La resposta \u00e9s ben senzilla, s\u00ed, sempre i quan es segueixi complint els requisits legals que es regulen a l\u2019<strong>article 68.3 de la Llei 35\/2006 de l\u2019Impost sobre la Renda de les Persones F\u00edsiques<\/strong> i a la <strong>Llei 49\/2002 del R\u00e8gim Fiscal de les Entitats sense \u00c0nims de Lucre i dels Incentius Fiscals al Mecenatge<\/strong>.<\/p>\n<p>Fet que no descarta que en casos puntuals l\u2019Ag\u00e8ncia Tribut\u00e0ria detecti que el que constava com a donatiu no ho era com a tal i demani la regularitzaci\u00f3 corresponent.<\/p>\n<p>Aix\u00f2 passa quan l\u2019AEAT detecta que hi ha una contraprestaci\u00f3 per aquest donatiu i per tant ja no \u00e9s voluntari i financia algun tipus d\u2019activitat ordin\u00e0ria del col\u00b7legi i repercuteix a l\u2019alumne.<\/p>\n<p>Cal diferenciar que el qu\u00e8 desgrava en aquests casos \u00e9s el donatiu a la fundaci\u00f3 del col\u00b7legi en q\u00fcesti\u00f3, no els altres pagaments que se\u2019n puguin derivar de l\u2019educaci\u00f3 del nen durant el curs escolar.<\/p>\n<p>Una actuaci\u00f3 d\u2019aquest tipus per part de l\u2019Ag\u00e8ncia Tribut\u00e0ria \u00e9s la mateixa dels \u00faltims anys i per tant, no hi ha hagut cap canvi legal ni de criteri envers aquesta llei.<\/p>\n<p>&nbsp;<\/p>\n<p>Goretti Molons<\/p>\n<p>Economista 16.069<\/p>\n<p>Departament Fiscal i Comptable<\/p>\n","protected":false},"excerpt":{"rendered":"<p>Una de les preguntes que es fan pares i mares, en el moment que els seus fills comencen el curs a una escola concertada, \u00e9s si els donatius que fan a les fundacions d\u2019aquests col\u00b7legis seran dedu\u00efbles de cara l\u2019Impost de la Renda de les Persones F\u00edsiques o no. La resposta \u00e9s ben senzilla, s\u00ed, [&hellip;]<\/p>\n","protected":false},"author":1,"featured_media":0,"comment_status":"closed","ping_status":"closed","sticky":false,"template":"","format":"standard","meta":{"_et_pb_use_builder":"","_et_pb_old_content":"","_et_gb_content_width":"","footnotes":""},"categories":[14],"tags":[],"class_list":["post-2159","post","type-post","status-publish","format-standard","hentry","category-noticies"],"_links":{"self":[{"href":"https:\/\/www.gestoriadelaguardia.com\/ca\/wp-json\/wp\/v2\/posts\/2159","targetHints":{"allow":["GET"]}}],"collection":[{"href":"https:\/\/www.gestoriadelaguardia.com\/ca\/wp-json\/wp\/v2\/posts"}],"about":[{"href":"https:\/\/www.gestoriadelaguardia.com\/ca\/wp-json\/wp\/v2\/types\/post"}],"author":[{"embeddable":true,"href":"https:\/\/www.gestoriadelaguardia.com\/ca\/wp-json\/wp\/v2\/users\/1"}],"replies":[{"embeddable":true,"href":"https:\/\/www.gestoriadelaguardia.com\/ca\/wp-json\/wp\/v2\/comments?post=2159"}],"version-history":[{"count":1,"href":"https:\/\/www.gestoriadelaguardia.com\/ca\/wp-json\/wp\/v2\/posts\/2159\/revisions"}],"predecessor-version":[{"id":4649,"href":"https:\/\/www.gestoriadelaguardia.com\/ca\/wp-json\/wp\/v2\/posts\/2159\/revisions\/4649"}],"wp:attachment":[{"href":"https:\/\/www.gestoriadelaguardia.com\/ca\/wp-json\/wp\/v2\/media?parent=2159"}],"wp:term":[{"taxonomy":"category","embeddable":true,"href":"https:\/\/www.gestoriadelaguardia.com\/ca\/wp-json\/wp\/v2\/categories?post=2159"},{"taxonomy":"post_tag","embeddable":true,"href":"https:\/\/www.gestoriadelaguardia.com\/ca\/wp-json\/wp\/v2\/tags?post=2159"}],"curies":[{"name":"wp","href":"https:\/\/api.w.org\/{rel}","templated":true}]}}