{"id":2158,"date":"2019-09-08T00:00:00","date_gmt":"2019-09-07T22:00:00","guid":{"rendered":"https:\/\/www.gestoriadelaguardia.com\/?p=2158"},"modified":"2025-04-30T13:43:20","modified_gmt":"2025-04-30T11:43:20","slug":"les-persones-fisiques-professionals-han-de-constar-al-registre-mercantil","status":"publish","type":"post","link":"https:\/\/www.gestoriadelaguardia.com\/ca\/2019\/09\/les-persones-fisiques-professionals-han-de-constar-al-registre-mercantil\/","title":{"rendered":"Les persones f\u00edsiques professionals han de constar al Registre Mercantil"},"content":{"rendered":"<p>Queden obligades a inscriure\u2019s en el Registre Mercantil les persones f\u00edsiques o jur\u00eddiques que de manera professional o empresarial prestin tots o alguns serveis descrits a l\u2019article 2.1. o) de la <strong>llei de prevenci\u00f3 del blanqueig de capitals i finan\u00e7ament del terrorisme<\/strong>.<\/p>\n<p>Serien les seg\u00fcents:<\/p>\n<ul>\n<li>Les que constitueixen societats o altres persones jur\u00eddiques<\/li>\n<li>Exerceixen funcions de direcci\u00f3 o de secretaris no consellers del consell d\u2019administraci\u00f3 o d\u2019assessoria externa d\u2019una societat, soci d\u2019una associaci\u00f3 o funcions similars en relaci\u00f3 amb altres persones jur\u00eddiques o disposar de que una altra persona exerceixi aquestes funcions.<\/li>\n<li>Exercir funcions de Trust o instrument jur\u00eddic similar o disposar d\u2019una persona que exerceixi aquestes funcions; o exercir funcions d\u2019accionista per compte d\u2019una altra persona, exceptuant les societats que cotitzen a un mercat regulat de la Uni\u00f3 Europea i estiguin subjectes a requisits d\u2019informaci\u00f3 d\u2019acord amb el Dret de la Uni\u00f3 o a normes internacionals equivalents que garanteixen l\u2019adequada transpar\u00e8ncia de la informaci\u00f3 sobre la propietat, o disposar d\u2019una persona que exerceixi aquestes funcions.<\/li>\n<\/ul>\n<p>El nostre departament jur\u00eddic amb l\u2019objectiu del compliment de la normativa vigent a nivell d\u2019empreses i professionals ofereix la possibilitat de fer els tr\u00e0mits corresponents per tal de registrar aquestes persones al Registre Mercantil. Per a m\u00e9s informaci\u00f3 no dubti en posar-se en contacte amb nosaltres.<\/p>\n","protected":false},"excerpt":{"rendered":"<p>Queden obligades a inscriure\u2019s en el Registre Mercantil les persones f\u00edsiques o jur\u00eddiques que de manera professional o empresarial prestin tots o alguns serveis descrits a l\u2019article 2.1. o) de la llei de prevenci\u00f3 del blanqueig de capitals i finan\u00e7ament del terrorisme. Serien les seg\u00fcents: Les que constitueixen societats o altres persones jur\u00eddiques Exerceixen funcions [&hellip;]<\/p>\n","protected":false},"author":1,"featured_media":0,"comment_status":"closed","ping_status":"closed","sticky":false,"template":"","format":"standard","meta":{"_et_pb_use_builder":"","_et_pb_old_content":"","_et_gb_content_width":"","footnotes":""},"categories":[14],"tags":[],"class_list":["post-2158","post","type-post","status-publish","format-standard","hentry","category-noticies"],"_links":{"self":[{"href":"https:\/\/www.gestoriadelaguardia.com\/ca\/wp-json\/wp\/v2\/posts\/2158","targetHints":{"allow":["GET"]}}],"collection":[{"href":"https:\/\/www.gestoriadelaguardia.com\/ca\/wp-json\/wp\/v2\/posts"}],"about":[{"href":"https:\/\/www.gestoriadelaguardia.com\/ca\/wp-json\/wp\/v2\/types\/post"}],"author":[{"embeddable":true,"href":"https:\/\/www.gestoriadelaguardia.com\/ca\/wp-json\/wp\/v2\/users\/1"}],"replies":[{"embeddable":true,"href":"https:\/\/www.gestoriadelaguardia.com\/ca\/wp-json\/wp\/v2\/comments?post=2158"}],"version-history":[{"count":1,"href":"https:\/\/www.gestoriadelaguardia.com\/ca\/wp-json\/wp\/v2\/posts\/2158\/revisions"}],"predecessor-version":[{"id":4653,"href":"https:\/\/www.gestoriadelaguardia.com\/ca\/wp-json\/wp\/v2\/posts\/2158\/revisions\/4653"}],"wp:attachment":[{"href":"https:\/\/www.gestoriadelaguardia.com\/ca\/wp-json\/wp\/v2\/media?parent=2158"}],"wp:term":[{"taxonomy":"category","embeddable":true,"href":"https:\/\/www.gestoriadelaguardia.com\/ca\/wp-json\/wp\/v2\/categories?post=2158"},{"taxonomy":"post_tag","embeddable":true,"href":"https:\/\/www.gestoriadelaguardia.com\/ca\/wp-json\/wp\/v2\/tags?post=2158"}],"curies":[{"name":"wp","href":"https:\/\/api.w.org\/{rel}","templated":true}]}}