{"id":2157,"date":"2019-09-08T00:00:00","date_gmt":"2019-09-07T22:00:00","guid":{"rendered":"https:\/\/www.gestoriadelaguardia.com\/?p=2157"},"modified":"2025-04-30T13:43:19","modified_gmt":"2025-04-30T11:43:19","slug":"que-es-el-legal-entity-identifier-codigo-lei","status":"publish","type":"post","link":"https:\/\/www.gestoriadelaguardia.com\/ca\/2019\/09\/que-es-el-legal-entity-identifier-codigo-lei\/","title":{"rendered":"Qu\u00e8 \u00e9s el legal entity identifier &#8211; c\u00f3digo lei?"},"content":{"rendered":"<p>Despr\u00e9s de la crisi de Lehman Brothers i la seva dificultat per con\u00e8ixer ben b\u00e9 les interdepend\u00e8ncies que existien dins del propi mercat financer, el G20 va engegar el projecte del <em>C\u00f3digo Lei\u00a0<\/em>(Legal entity identifier).<\/p>\n<p>El principal objectiu \u00e9s poder mostrar una visi\u00f3 m\u00e9s clara sobre el risc que assumeix cada un dels participants dins del propi mercat.<\/p>\n<p>S\u2019intenta que els mercats siguin m\u00e9s transparents degut a que tots els participants estan identificats en cada una de les operacions.<\/p>\n<p>El Codigo Lei, a efectes pr\u00e0ctics, \u00e9s un codi que utilitzen les entitats jur\u00eddiques per ser identificades quan participen en una transacci\u00f3 financera, per exemple, quan una entitat jur\u00eddica ha de demanar un pr\u00e9stec al banc.<\/p>\n<p>Estan exemptes les persones f\u00edsiques, les societats que participen a borsa i\/o societats que emeten accions o deute.<\/p>\n<p>Encara que pugui semblar complex \u00e9s un mecanisme molt \u00fatil de cara aquestes entitats quan participen en transaccions financeres.<\/p>\n<p>Sense aquest codi no es pot invertir en nom de la societat ni tampoc tenir la seguretat de complir amb les regulacions internacionals.<\/p>\n<p>Aquesta identificaci\u00f3 alfanum\u00e8rica compleix amb la norma est\u00e0ndard ISO i s\u2019obt\u00e9 a trav\u00e9s del Registre Mercantil, tarda menys de 15 dies h\u00e0bils a rebre\u2019s i t\u00e9 una validesa d\u2019un any.<\/p>\n<p>Fins ara era la pr\u00f2pia entitat bancaria qui realitzava aquest tr\u00e0mit per\u00f2 \u00faltimament demanen que sigui el mateix client qui ho tramiti.<\/p>\n<p>Poden posar-se en contacte amb la nostra gestoria per qualsevol dubte o b\u00e9 per tramitar-ho.<\/p>\n<p>&nbsp;<\/p>\n<p>Goretti Molons<\/p>\n<p>Economista 16.069<\/p>\n<p>Departament Fiscal i Comptable<\/p>\n","protected":false},"excerpt":{"rendered":"<p>Despr\u00e9s de la crisi de Lehman Brothers i la seva dificultat per con\u00e8ixer ben b\u00e9 les interdepend\u00e8ncies que existien dins del propi mercat financer, el G20 va engegar el projecte del C\u00f3digo Lei\u00a0(Legal entity identifier). El principal objectiu \u00e9s poder mostrar una visi\u00f3 m\u00e9s clara sobre el risc que assumeix cada un dels participants dins [&hellip;]<\/p>\n","protected":false},"author":1,"featured_media":0,"comment_status":"closed","ping_status":"closed","sticky":false,"template":"","format":"standard","meta":{"_et_pb_use_builder":"","_et_pb_old_content":"","_et_gb_content_width":"","footnotes":""},"categories":[14],"tags":[],"class_list":["post-2157","post","type-post","status-publish","format-standard","hentry","category-noticies"],"_links":{"self":[{"href":"https:\/\/www.gestoriadelaguardia.com\/ca\/wp-json\/wp\/v2\/posts\/2157","targetHints":{"allow":["GET"]}}],"collection":[{"href":"https:\/\/www.gestoriadelaguardia.com\/ca\/wp-json\/wp\/v2\/posts"}],"about":[{"href":"https:\/\/www.gestoriadelaguardia.com\/ca\/wp-json\/wp\/v2\/types\/post"}],"author":[{"embeddable":true,"href":"https:\/\/www.gestoriadelaguardia.com\/ca\/wp-json\/wp\/v2\/users\/1"}],"replies":[{"embeddable":true,"href":"https:\/\/www.gestoriadelaguardia.com\/ca\/wp-json\/wp\/v2\/comments?post=2157"}],"version-history":[{"count":1,"href":"https:\/\/www.gestoriadelaguardia.com\/ca\/wp-json\/wp\/v2\/posts\/2157\/revisions"}],"predecessor-version":[{"id":4652,"href":"https:\/\/www.gestoriadelaguardia.com\/ca\/wp-json\/wp\/v2\/posts\/2157\/revisions\/4652"}],"wp:attachment":[{"href":"https:\/\/www.gestoriadelaguardia.com\/ca\/wp-json\/wp\/v2\/media?parent=2157"}],"wp:term":[{"taxonomy":"category","embeddable":true,"href":"https:\/\/www.gestoriadelaguardia.com\/ca\/wp-json\/wp\/v2\/categories?post=2157"},{"taxonomy":"post_tag","embeddable":true,"href":"https:\/\/www.gestoriadelaguardia.com\/ca\/wp-json\/wp\/v2\/tags?post=2157"}],"curies":[{"name":"wp","href":"https:\/\/api.w.org\/{rel}","templated":true}]}}