{"id":2156,"date":"2019-06-07T00:00:00","date_gmt":"2019-06-06T22:00:00","guid":{"rendered":"https:\/\/www.gestoriadelaguardia.com\/?p=2156"},"modified":"2025-04-30T13:43:22","modified_gmt":"2025-04-30T11:43:22","slug":"tacograf-digital","status":"publish","type":"post","link":"https:\/\/www.gestoriadelaguardia.com\/ca\/2019\/06\/tacograf-digital\/","title":{"rendered":"Tac\u00f2graf digital"},"content":{"rendered":"<p>Des del passat 1 de gener de 2006 tots els Vehicles que superen un pes de 3,5 tones o b\u00e9 que puguin transportar m\u00e9s de 9 persones incloses el conductor i estiguin matriculats per primera vegada tenen l\u2019obligaci\u00f3 d\u2019incorporar un tac\u00f2graf digital. Estar\u00edem parlant doncs de autobusos i camions de c\u00e0rregues.<\/p>\n<p>En conseq\u00fc\u00e8ncia els conductors d\u2019aquest tipus de vehicles \u00e9s necessari que tinguin una targeta especial per poder utilitzar el tac\u00f2graf digital. D\u2019aquesta manera el tac\u00f2graf del vehicle quin conductor l\u2019esta utilitzant en tot moment. <\/p>\n<p>Com a gestoria administrativa experta en tr\u00e0mits de vehicles oferim la tramitaci\u00f3 de la sol\u00b7licitud, expedici\u00f3 i substituci\u00f3 de targetes necess\u00e0ries pels conductors d\u2019aquest tipus de vehicles. <\/p>\n<p>Per a m\u00e9s informaci\u00f3 d\u2019aquest tr\u00e0mit o quina documentaci\u00f3 \u00e9s necess\u00e0ria per poder-lo fer es pot posar en contacte amb el nostre departament de vehicles vehicles@gestoriadelaguardia.com o b\u00e9 al 977 34 49 52 (Reus) o 977 91 47 16 (Vila-Seca).<\/p>\n","protected":false},"excerpt":{"rendered":"<p>Des del passat 1 de gener de 2006 tots els Vehicles que superen un pes de 3,5 tones o b\u00e9 que puguin transportar m\u00e9s de 9 persones incloses el conductor i estiguin matriculats per primera vegada tenen l\u2019obligaci\u00f3 d\u2019incorporar un tac\u00f2graf digital. Estar\u00edem parlant doncs de autobusos i camions de c\u00e0rregues. En conseq\u00fc\u00e8ncia els conductors [&hellip;]<\/p>\n","protected":false},"author":1,"featured_media":0,"comment_status":"closed","ping_status":"closed","sticky":false,"template":"","format":"standard","meta":{"_et_pb_use_builder":"","_et_pb_old_content":"","_et_gb_content_width":"","footnotes":""},"categories":[14],"tags":[],"class_list":["post-2156","post","type-post","status-publish","format-standard","hentry","category-noticies"],"_links":{"self":[{"href":"https:\/\/www.gestoriadelaguardia.com\/ca\/wp-json\/wp\/v2\/posts\/2156","targetHints":{"allow":["GET"]}}],"collection":[{"href":"https:\/\/www.gestoriadelaguardia.com\/ca\/wp-json\/wp\/v2\/posts"}],"about":[{"href":"https:\/\/www.gestoriadelaguardia.com\/ca\/wp-json\/wp\/v2\/types\/post"}],"author":[{"embeddable":true,"href":"https:\/\/www.gestoriadelaguardia.com\/ca\/wp-json\/wp\/v2\/users\/1"}],"replies":[{"embeddable":true,"href":"https:\/\/www.gestoriadelaguardia.com\/ca\/wp-json\/wp\/v2\/comments?post=2156"}],"version-history":[{"count":1,"href":"https:\/\/www.gestoriadelaguardia.com\/ca\/wp-json\/wp\/v2\/posts\/2156\/revisions"}],"predecessor-version":[{"id":4655,"href":"https:\/\/www.gestoriadelaguardia.com\/ca\/wp-json\/wp\/v2\/posts\/2156\/revisions\/4655"}],"wp:attachment":[{"href":"https:\/\/www.gestoriadelaguardia.com\/ca\/wp-json\/wp\/v2\/media?parent=2156"}],"wp:term":[{"taxonomy":"category","embeddable":true,"href":"https:\/\/www.gestoriadelaguardia.com\/ca\/wp-json\/wp\/v2\/categories?post=2156"},{"taxonomy":"post_tag","embeddable":true,"href":"https:\/\/www.gestoriadelaguardia.com\/ca\/wp-json\/wp\/v2\/tags?post=2156"}],"curies":[{"name":"wp","href":"https:\/\/api.w.org\/{rel}","templated":true}]}}