{"id":2154,"date":"2019-04-01T00:00:00","date_gmt":"2019-03-31T22:00:00","guid":{"rendered":"https:\/\/www.gestoriadelaguardia.com\/?p=2154"},"modified":"2025-04-30T13:43:23","modified_gmt":"2025-04-30T11:43:23","slug":"fins-a-8-setmanes-de-permis-de-paternitat-al-2019","status":"publish","type":"post","link":"https:\/\/www.gestoriadelaguardia.com\/ca\/2019\/04\/fins-a-8-setmanes-de-permis-de-paternitat-al-2019\/","title":{"rendered":"Fins a 8 setmanes de perm\u00eds de paternitat al 2019"},"content":{"rendered":"<p>El perm\u00eds de paternitat passa a ser de cinc a vuit setmanes el 2019 i va augmentant fins a 16 setmanes el 2021. El RD 6\/2019 de l\u20191 de mar\u00e7 es la seva disposici\u00f3 transit\u00f2ria novena especifica com aquest increment s\u2019anir\u00e0 fent de manera progressiva durant els pr\u00f2xims anys.<\/p>\n<p>En el cas del 2019 augmenta fins a 8 setmanes, on les dues primeres seran ininterrompudes i immediatament posteriors a la data del naixement. La resta de les setmanes podran gaudir-se interrompudament, ja sigui posterior al per\u00edode de descans obligatori de la mare o b\u00e9 amb posteritat.<\/p>\n<p>Aquets increment del perm\u00eds de paternitat entra en vigor a partir del dia 1 d\u2019Abril del 2019 tal i com s\u2019exposa al RD 8\/2019 de mar en la seva disposici\u00f3 transit\u00f2ria tercera.<\/p>\n","protected":false},"excerpt":{"rendered":"<p>El perm\u00eds de paternitat passa a ser de cinc a vuit setmanes el 2019 i va augmentant fins a 16 setmanes el 2021. El RD 6\/2019 de l\u20191 de mar\u00e7 es la seva disposici\u00f3 transit\u00f2ria novena especifica com aquest increment s\u2019anir\u00e0 fent de manera progressiva durant els pr\u00f2xims anys. En el cas del 2019 augmenta [&hellip;]<\/p>\n","protected":false},"author":1,"featured_media":0,"comment_status":"closed","ping_status":"closed","sticky":false,"template":"","format":"standard","meta":{"_et_pb_use_builder":"","_et_pb_old_content":"","_et_gb_content_width":"","footnotes":""},"categories":[14],"tags":[],"class_list":["post-2154","post","type-post","status-publish","format-standard","hentry","category-noticies"],"_links":{"self":[{"href":"https:\/\/www.gestoriadelaguardia.com\/ca\/wp-json\/wp\/v2\/posts\/2154","targetHints":{"allow":["GET"]}}],"collection":[{"href":"https:\/\/www.gestoriadelaguardia.com\/ca\/wp-json\/wp\/v2\/posts"}],"about":[{"href":"https:\/\/www.gestoriadelaguardia.com\/ca\/wp-json\/wp\/v2\/types\/post"}],"author":[{"embeddable":true,"href":"https:\/\/www.gestoriadelaguardia.com\/ca\/wp-json\/wp\/v2\/users\/1"}],"replies":[{"embeddable":true,"href":"https:\/\/www.gestoriadelaguardia.com\/ca\/wp-json\/wp\/v2\/comments?post=2154"}],"version-history":[{"count":1,"href":"https:\/\/www.gestoriadelaguardia.com\/ca\/wp-json\/wp\/v2\/posts\/2154\/revisions"}],"predecessor-version":[{"id":4657,"href":"https:\/\/www.gestoriadelaguardia.com\/ca\/wp-json\/wp\/v2\/posts\/2154\/revisions\/4657"}],"wp:attachment":[{"href":"https:\/\/www.gestoriadelaguardia.com\/ca\/wp-json\/wp\/v2\/media?parent=2154"}],"wp:term":[{"taxonomy":"category","embeddable":true,"href":"https:\/\/www.gestoriadelaguardia.com\/ca\/wp-json\/wp\/v2\/categories?post=2154"},{"taxonomy":"post_tag","embeddable":true,"href":"https:\/\/www.gestoriadelaguardia.com\/ca\/wp-json\/wp\/v2\/tags?post=2154"}],"curies":[{"name":"wp","href":"https:\/\/api.w.org\/{rel}","templated":true}]}}