{"id":2151,"date":"2019-03-14T00:00:00","date_gmt":"2019-03-13T23:00:00","guid":{"rendered":"https:\/\/www.gestoriadelaguardia.com\/?p=2151"},"modified":"2025-04-30T13:43:29","modified_gmt":"2025-04-30T11:43:29","slug":"obligats-a-fitxar-a-la-feina","status":"publish","type":"post","link":"https:\/\/www.gestoriadelaguardia.com\/ca\/2019\/03\/obligats-a-fitxar-a-la-feina\/","title":{"rendered":"Obligats a fitxar a la feina"},"content":{"rendered":"<p>Les empreses estan obligades a garantir el registre diari dels seus treballadors incloent l\u2019horari concret d\u2019inici i finalitzaci\u00f3 de la jornada de cada persona. Sempre i quan, no perjudiqui a la flexibilitat hor\u00e0ria que s\u2019estableix al article 34 del RD 2\/2015 del 23 d\u2019octubre. Aquesta \u00e9s la mesura que s\u2019ha establert al cap\u00edtol 3 del RD 8\/2019 del 8 de mar\u00e7 en l\u2019article 10.2 referent a la jornada dels treballadors.<\/p>\n<p>\u00c9s a dir, que els treballadors tindran la obligaci\u00f3 de fitxar el inici i al final de la jornada per tal que les empreses puguin tenir aquest registre. A m\u00e9s a m\u00e9s, les empreses estaran obligades a guardar aquests registres durant quatre anys i a disposici\u00f3 dels treballadors, els seus representants legals i de possibles inspeccions de Treball i Seguretat Social.<\/p>\n<p>En aquest mateix RD 8\/2019 la seva primera disposici\u00f3 addicional ens explica que, amb anterioritat al 30 de juny de 2019, el Govern constituir\u00e0 un grup d\u2019experts i expertes per dur a terme estudis i treballs preparatoris per poder elaborar un nou Estatut de Treballadors.<\/p>\n","protected":false},"excerpt":{"rendered":"<p>Les empreses estan obligades a garantir el registre diari dels seus treballadors incloent l\u2019horari concret d\u2019inici i finalitzaci\u00f3 de la jornada de cada persona. Sempre i quan, no perjudiqui a la flexibilitat hor\u00e0ria que s\u2019estableix al article 34 del RD 2\/2015 del 23 d\u2019octubre. Aquesta \u00e9s la mesura que s\u2019ha establert al cap\u00edtol 3 del [&hellip;]<\/p>\n","protected":false},"author":1,"featured_media":0,"comment_status":"closed","ping_status":"closed","sticky":false,"template":"","format":"standard","meta":{"_et_pb_use_builder":"","_et_pb_old_content":"","_et_gb_content_width":"","footnotes":""},"categories":[14],"tags":[],"class_list":["post-2151","post","type-post","status-publish","format-standard","hentry","category-noticies"],"_links":{"self":[{"href":"https:\/\/www.gestoriadelaguardia.com\/ca\/wp-json\/wp\/v2\/posts\/2151","targetHints":{"allow":["GET"]}}],"collection":[{"href":"https:\/\/www.gestoriadelaguardia.com\/ca\/wp-json\/wp\/v2\/posts"}],"about":[{"href":"https:\/\/www.gestoriadelaguardia.com\/ca\/wp-json\/wp\/v2\/types\/post"}],"author":[{"embeddable":true,"href":"https:\/\/www.gestoriadelaguardia.com\/ca\/wp-json\/wp\/v2\/users\/1"}],"replies":[{"embeddable":true,"href":"https:\/\/www.gestoriadelaguardia.com\/ca\/wp-json\/wp\/v2\/comments?post=2151"}],"version-history":[{"count":1,"href":"https:\/\/www.gestoriadelaguardia.com\/ca\/wp-json\/wp\/v2\/posts\/2151\/revisions"}],"predecessor-version":[{"id":4664,"href":"https:\/\/www.gestoriadelaguardia.com\/ca\/wp-json\/wp\/v2\/posts\/2151\/revisions\/4664"}],"wp:attachment":[{"href":"https:\/\/www.gestoriadelaguardia.com\/ca\/wp-json\/wp\/v2\/media?parent=2151"}],"wp:term":[{"taxonomy":"category","embeddable":true,"href":"https:\/\/www.gestoriadelaguardia.com\/ca\/wp-json\/wp\/v2\/categories?post=2151"},{"taxonomy":"post_tag","embeddable":true,"href":"https:\/\/www.gestoriadelaguardia.com\/ca\/wp-json\/wp\/v2\/tags?post=2151"}],"curies":[{"name":"wp","href":"https:\/\/api.w.org\/{rel}","templated":true}]}}