{"id":2150,"date":"2019-03-14T00:00:00","date_gmt":"2019-03-13T23:00:00","guid":{"rendered":"https:\/\/www.gestoriadelaguardia.com\/?p=2150"},"modified":"2025-04-30T13:43:28","modified_gmt":"2025-04-30T11:43:28","slug":"ja-estan-disponibles-les-dades-fiscals-del-2018","status":"publish","type":"post","link":"https:\/\/www.gestoriadelaguardia.com\/ca\/2019\/03\/ja-estan-disponibles-les-dades-fiscals-del-2018\/","title":{"rendered":"Ja estan disponibles les dades fiscals del 2018"},"content":{"rendered":"<p>A partir d\u2019avui ja es poden consultar les dades fiscals encara que el per\u00edode de presentaci\u00f3 de les declaracions \u00e9s a partir del 2 d\u2019abril de 2019. Poden acudir als nostres assessors fiscals per tramitar les dades fiscals i fer una primera simulaci\u00f3 de la seva declaraci\u00f3. S\u2019ha de tenir en compte que sovint les dades que ens facilita <a href=\"https:\/\/www.agenciatributaria.es\/AEAT.internet\/Renta.shtml\" target=\"_blank\" rel=\"noopener\">Hisenda<\/a> contenen errors i confirmar l\u2019esborrany pot comportar revisions i sancions a la declaraci\u00f3. \u00c9s per aix\u00f2 que recomanem es consulti a un professional abans de confirmar-lo. Ja que \u00e9s responsabilitat del contribuent assegurar-se que la declaraci\u00f3 \u00e9s correcte.<\/p>\n<p>El termini de la campanya de l\u2019Impost de la Renda de les Persones F\u00edsiques comen\u00e7a el proper 2 d\u2019abril i finalitza el dia 1 de juliol per aquelles persones que sol\u00b7liciten la devoluci\u00f3. En cas que el contribuent hagi d\u2019ingressar el termini \u00e9s fins el 26 de juny per domiciliaci\u00f3 banc\u00e0ria.<\/p>\n<p>Aquest any l\u2019Ag\u00e8ncia Tributaria presenta novetats pel que fa l\u2019impost com en la seva presentaci\u00f3.<\/p>\n<p>En primer lloc es suprimeix el paper per la presentaci\u00f3 de les declaracions. Nom\u00e9s es podr\u00e0 presentar a traves de la plataforma digital i mitjans electr\u00f2nics. Tot i aix\u00ed es podr\u00e0 imprimir un esborrany previ sense validesa per la seva presentaci\u00f3 f\u00edsicament.<\/p>\n<p>Pel que fa les novetats a nivell de l\u2019Impost de la Renda, el col\u00b7lectiu que en surt m\u00e9s beneficiat s\u00f3n les fam\u00edlies. Degut a que <a href=\"https:\/\/www.gestoriadelaguardia.com\/2018\/11\/com-reclamar-lirpf-pagat-en-la-percepcio-de-maternitat-2\/\"><span style=\"color: #0000ff;\">les persones que han sigut mares o pares d\u2019entre el 2014 i el 2017 podran recuperar l\u2019IRPF pagat de mes de les percepcions rebudes<\/span><\/a> ja que el Tribunal Suprem va dictar que estan exemptes de tributar. \u00c9s a dir, que durant els anys 2014 i 2017 es va pagar m\u00e9s d\u2019IRPF i ara tenen dret a recuperar-lo. Si la quantitat \u00e9s superior al import m\u00e0xim de prestaci\u00f3 que considera la Seguretat Social, l\u2019exc\u00e9s ser\u00e0 tributat com a rendiment de treball. A m\u00e9s a m\u00e9s, els pares i mares que portin el seu fill a la llar d\u2019infants tenen dret a una deducci\u00f3 de fins a 83,33\u20ac\/mes. I, en el cas de les fam\u00edlies nombroses augmenta fins a 600\u20ac anuals de deducci\u00f3 per fills, ja sigui categoria general o especial.<\/p>\n<p>Si ets aut\u00f2nom i treballes des de casa ara tamb\u00e9 et podr\u00e0s desgravar en renda els subministraments i les dietes sempre i quan siguin necess\u00e0ries per l\u2019activitat econ\u00f2mica. S\u2019ha d\u2019anar amb compte ja que nom\u00e9s es podran deduir les dietes que es facin en establiments hotelers i es paguin amb targeta.<\/p>\n<p>Sabem que per moltes persones la declaraci\u00f3 de la Renda \u00e9s un mal de cap i per aix\u00f2 posem a la vostra disposici\u00f3 el nostre equip de professionals del departament de fiscal per poder tenir en compte tots els par\u00e0metres necessaris per presentar la declaraci\u00f3 de la renda amb coher\u00e8ncia i professionalitat.<\/p>\n<p><em>Goretti Molons<\/em><br \/>\n<em>Graduada en Ci\u00e8ncies Empresarials i Management<\/em><br \/>\n<em>Economista 16.069<\/em><\/p>\n","protected":false},"excerpt":{"rendered":"<p>A partir d\u2019avui ja es poden consultar les dades fiscals encara que el per\u00edode de presentaci\u00f3 de les declaracions \u00e9s a partir del 2 d\u2019abril de 2019. Poden acudir als nostres assessors fiscals per tramitar les dades fiscals i fer una primera simulaci\u00f3 de la seva declaraci\u00f3. S\u2019ha de tenir en compte que sovint les [&hellip;]<\/p>\n","protected":false},"author":1,"featured_media":0,"comment_status":"closed","ping_status":"closed","sticky":false,"template":"","format":"standard","meta":{"_et_pb_use_builder":"","_et_pb_old_content":"","_et_gb_content_width":"","footnotes":""},"categories":[14],"tags":[],"class_list":["post-2150","post","type-post","status-publish","format-standard","hentry","category-noticies"],"_links":{"self":[{"href":"https:\/\/www.gestoriadelaguardia.com\/ca\/wp-json\/wp\/v2\/posts\/2150","targetHints":{"allow":["GET"]}}],"collection":[{"href":"https:\/\/www.gestoriadelaguardia.com\/ca\/wp-json\/wp\/v2\/posts"}],"about":[{"href":"https:\/\/www.gestoriadelaguardia.com\/ca\/wp-json\/wp\/v2\/types\/post"}],"author":[{"embeddable":true,"href":"https:\/\/www.gestoriadelaguardia.com\/ca\/wp-json\/wp\/v2\/users\/1"}],"replies":[{"embeddable":true,"href":"https:\/\/www.gestoriadelaguardia.com\/ca\/wp-json\/wp\/v2\/comments?post=2150"}],"version-history":[{"count":1,"href":"https:\/\/www.gestoriadelaguardia.com\/ca\/wp-json\/wp\/v2\/posts\/2150\/revisions"}],"predecessor-version":[{"id":4663,"href":"https:\/\/www.gestoriadelaguardia.com\/ca\/wp-json\/wp\/v2\/posts\/2150\/revisions\/4663"}],"wp:attachment":[{"href":"https:\/\/www.gestoriadelaguardia.com\/ca\/wp-json\/wp\/v2\/media?parent=2150"}],"wp:term":[{"taxonomy":"category","embeddable":true,"href":"https:\/\/www.gestoriadelaguardia.com\/ca\/wp-json\/wp\/v2\/categories?post=2150"},{"taxonomy":"post_tag","embeddable":true,"href":"https:\/\/www.gestoriadelaguardia.com\/ca\/wp-json\/wp\/v2\/tags?post=2150"}],"curies":[{"name":"wp","href":"https:\/\/api.w.org\/{rel}","templated":true}]}}