{"id":2149,"date":"2019-03-13T00:00:00","date_gmt":"2019-03-12T23:00:00","guid":{"rendered":"https:\/\/www.gestoriadelaguardia.com\/?p=2149"},"modified":"2025-04-30T13:43:31","modified_gmt":"2025-04-30T11:43:31","slug":"la-llei-de-proteccio-de-dades-i-els-centres-educatius","status":"publish","type":"post","link":"https:\/\/www.gestoriadelaguardia.com\/ca\/2019\/03\/la-llei-de-proteccio-de-dades-i-els-centres-educatius\/","title":{"rendered":"La llei de protecci\u00f3 de dades i els centres educatius"},"content":{"rendered":"<p>El dia 25 de maig de 2018 va entrar en vigor, a tota la Uni\u00f3 Europea, el Reglament 2016\/679 del Parlament Europeu i del Consell de 27 d\u2019abril de 2016 (Reglament General de Protecci\u00f3 de dades \u2013RGPD\u2013). I el passat mes de desembre de 2018 va entrar en vigor la Llei Org\u00e0nica 3\/2018, de 5 de desembre, de Protecci\u00f3 de Dades i Garantia dels Drets Digitals (LOPDGDD). <\/p>\n<p>Els centres educatius han de complir aquesta normativa d\u2019una manera especialment acurada degut als interessos que gestionen, ja que, per exercir les seves funcions, tracten dades de diferents col\u00b7lectius i de diferents tipologies i algunes d\u2019especialment sensibles. El tractament de dades a les escoles es produeix per primera vegada amb la petici\u00f3 de la pla\u00e7a escolar per part dels pares o tutors en el proc\u00e9s de preinscripci\u00f3 i es mant\u00e9, com a m\u00ednim, fins que l\u2019alumne finalitza els estudis en aquell centre. Aix\u00f2 comporta tot tipus de tractaments i la generaci\u00f3 de molta informaci\u00f3, Per tant, els centres educatius tracten un gran volum de dades personals. <\/p>\n<p>Cal remarcar que la major part de les dades tractades a les escoles s\u00f3n dades de menors d\u2019edat. Aix\u00f2 fa que, atesa la vulnerabilitat d\u2019aquest col\u00b7lectiu i les conseq\u00fc\u00e8ncies que es poden derivar d\u2019un tractament inadequat de la seva informaci\u00f3, tant en el present com en el futur, les escoles hagin d\u2019extremar, encara m\u00e9s que altres sectors, la dilig\u00e8ncia en el tractament d\u2019aquesta informaci\u00f3.<\/p>\n<p>Les principals novetats que afecten al sector educatiu s\u00f3n:<br \/>\n\u2022\tLa designaci\u00f3 d\u2019un Delegat de Protecci\u00f3 de Dades. L\u2019article 34 de la Llei Org\u00e0nica 3\/2018, de 5 de desembre, de Protecci\u00f3 de Dades Personals i Garantia dels Drets Digitals (LOPDGDD), concretament en el seu apartat segon, estableix que s\u2019haur\u00e0 de designar un Delegat de Protecci\u00f3 de Dades \u201cen els centres docents que ofereixin ensenyaments en qualsevol dels nivells establerts en la legislaci\u00f3 reguladora del dret a l\u2019educaci\u00f3, aix\u00ed com a les Universitats p\u00fabliques i privades\u201d. Per tant, les escoles estan obligades a designar un delegat de protecci\u00f3 de da\u00acdes (DPD). Aquesta obligaci\u00f3 s\u2019est\u00e9n tamb\u00e9 a l\u2019escola concertada i a l\u2019es\u00accola privada en el marc de la LOPDGDD. L\u2019Ag\u00e8ncia Espanyola de Protecci\u00f3 de Dades pot comprovar si s\u2019ha efectuat aquesta designaci\u00f3.<br \/>\nEl delegat de protecci\u00f3 de dades t\u00e9, entre d\u2019altres, les funcions seg\u00fcents: <\/p>\n<p>\t&#8211; Informar i assessorar el centre o l\u2019encarregat i els treballadors sobre les obligacions que imposa la normativa de protecci\u00f3 de dades.<br \/>\n\t&#8211; Supervisar el compliment de la normativa.<br \/>\n\t&#8211; Assessorar respecte de l\u2019avaluaci\u00f3 d\u2019impacte relativa a la protecci\u00f3 de dades.<br \/>\n -Ser l\u2019interlocutor del centre escolar amb l\u2019Autoritat de protecci\u00f3 de dades.<\/p>\n<p>\u2022\tEs suprimeix l\u2019obligaci\u00f3 d\u2019inscripci\u00f3 dels fitxers de dades de car\u00e0cter personal en el Registre General de Protecci\u00f3 de Dades, per\u00f2, a canvi, s\u2019haur\u00e0 de dur a terme un registre d\u2019activitats de tractament que contingui la informaci\u00f3 detallada en el RGPD.<br \/>\n\u2022\tEls responsables del tractament, centres i administracions educatives, hauran de realitzar una valoraci\u00f3 del risc que impliqui el tractament de dades que realitzin o vagin a realitzar (p\u00e8rdua, destrucci\u00f3 o alteraci\u00f3 per accident o de forma il\u00b7l\u00edcita o acc\u00e9s no autoritzat), amb la finalitat d\u2019implementar les mesures de seguretat t\u00e8cniques i organitzatives necess\u00e0ries.<\/p>\n<p>\u2022\tTamb\u00e9 la nova Llei Org\u00e0nica de Protecci\u00f3 de Dades incorpora en el seu article 83 el dret a l\u2019educaci\u00f3 digital. El sistema educatiu ha de garantir la plena inserci\u00f3 de l\u2019alumnat a la societat digital i l\u2019aprenentatge de l\u2019\u00fas dels medis digitals que sigui segur i respectu\u00f3s amb la dignitat humana, els valors constitucionals i els drets fonamentals. El professorat rebr\u00e0 les compet\u00e8ncies digitals i la formaci\u00f3 necess\u00e0ria per l\u2019ensenyament i transmissi\u00f3 d\u2019aquests valors i drets.<br \/>\nPer tant, en els centres educatius poden sorgir dubtes com els seg\u00fcents:<br \/>\n&#8211;\tEs poden recollir dades sobre la situaci\u00f3 familiar dels pares dels alumnes? Es poden recollir dades de salut?<br \/>\n&#8211;\tEs poden recollir imatges dels alumnes per l\u2019expedient acad\u00e8mic?<br \/>\n&#8211;\tPoden els professors recollir dades personals directament dels alumnes?<br \/>\n&#8211;\tPoden els professors sol\u00b7licitar dades dels pares dels alumnes?<br \/>\n&#8211;\tPot un centre educatiu accedir al contingut de dispositius electr\u00f2nics dels alumnes, com els sistemes de missatgeria instant\u00e0nia (WhatsApp) o xarxes socials?<br \/>\n&#8211;\tPoden els centres educatius captar imatges dels alumnes durant les activitats escolars? <\/p>\n<p>Aquestes preguntes, entre d\u2019altres, s\u00f3n les que poden sorgir en el dia a dia a qualsevol centre educatiu. Des de DE LA GUARDIA GRUP D\u2019ASSESSORS SL. oferim el servei de compliment legal i consultoria en mat\u00e8ria de protecci\u00f3 de dades, el servei de delegat de protecci\u00f3 de dades i assessorem jur\u00eddicament en aquesta mat\u00e8ria. El nostre departament est\u00e0 format per advocats en exercici col\u00b7legiats a l\u2019Il\u00b7lustre Col\u00b7legi d\u2019Advocats de Tarragona especialitzats en la mat\u00e8ria que tamb\u00e9 s\u00f3n delegats de Protecci\u00f3 de Dades.<br \/>\nSi estan interessats en el nostre servei poden contactar a trav\u00e9s del correu electr\u00f2nic protecciodedades@gestoriadelaguardia.com o trucar al tel\u00e8fon 977 34 49 52.<\/p>\n","protected":false},"excerpt":{"rendered":"<p>El dia 25 de maig de 2018 va entrar en vigor, a tota la Uni\u00f3 Europea, el Reglament 2016\/679 del Parlament Europeu i del Consell de 27 d\u2019abril de 2016 (Reglament General de Protecci\u00f3 de dades \u2013RGPD\u2013). I el passat mes de desembre de 2018 va entrar en vigor la Llei Org\u00e0nica 3\/2018, de 5 [&hellip;]<\/p>\n","protected":false},"author":1,"featured_media":0,"comment_status":"closed","ping_status":"closed","sticky":false,"template":"","format":"standard","meta":{"_et_pb_use_builder":"","_et_pb_old_content":"","_et_gb_content_width":"","footnotes":""},"categories":[14],"tags":[],"class_list":["post-2149","post","type-post","status-publish","format-standard","hentry","category-noticies"],"_links":{"self":[{"href":"https:\/\/www.gestoriadelaguardia.com\/ca\/wp-json\/wp\/v2\/posts\/2149","targetHints":{"allow":["GET"]}}],"collection":[{"href":"https:\/\/www.gestoriadelaguardia.com\/ca\/wp-json\/wp\/v2\/posts"}],"about":[{"href":"https:\/\/www.gestoriadelaguardia.com\/ca\/wp-json\/wp\/v2\/types\/post"}],"author":[{"embeddable":true,"href":"https:\/\/www.gestoriadelaguardia.com\/ca\/wp-json\/wp\/v2\/users\/1"}],"replies":[{"embeddable":true,"href":"https:\/\/www.gestoriadelaguardia.com\/ca\/wp-json\/wp\/v2\/comments?post=2149"}],"version-history":[{"count":1,"href":"https:\/\/www.gestoriadelaguardia.com\/ca\/wp-json\/wp\/v2\/posts\/2149\/revisions"}],"predecessor-version":[{"id":4666,"href":"https:\/\/www.gestoriadelaguardia.com\/ca\/wp-json\/wp\/v2\/posts\/2149\/revisions\/4666"}],"wp:attachment":[{"href":"https:\/\/www.gestoriadelaguardia.com\/ca\/wp-json\/wp\/v2\/media?parent=2149"}],"wp:term":[{"taxonomy":"category","embeddable":true,"href":"https:\/\/www.gestoriadelaguardia.com\/ca\/wp-json\/wp\/v2\/categories?post=2149"},{"taxonomy":"post_tag","embeddable":true,"href":"https:\/\/www.gestoriadelaguardia.com\/ca\/wp-json\/wp\/v2\/tags?post=2149"}],"curies":[{"name":"wp","href":"https:\/\/api.w.org\/{rel}","templated":true}]}}