{"id":2148,"date":"2019-02-25T00:00:00","date_gmt":"2019-02-24T23:00:00","guid":{"rendered":"https:\/\/www.gestoriadelaguardia.com\/?p=2148"},"modified":"2025-04-30T13:43:33","modified_gmt":"2025-04-30T11:43:33","slug":"que-es-el-model-347","status":"publish","type":"post","link":"https:\/\/www.gestoriadelaguardia.com\/ca\/2019\/02\/que-es-el-model-347\/","title":{"rendered":"Qu\u00e8 \u00e9s el model 347?"},"content":{"rendered":"<p>Una vegada passat el tancament de l\u2019\u00faltim trimestre del 2018 i presentades les liquidacions de l\u2019IVA i IRPF en el cas dels aut\u00f2noms, aix\u00ed com tamb\u00e9 els resums anuals, s\u2019obre el termini per poder presentar el model 347 fins a finals de febrer. <\/p>\n<p>Per\u00f2 com podem saber si jo com a petit empresari estic obligat a presentar-lo?<\/p>\n<p>Doncs b\u00e9, \u00e9s ben senzill. Totes aquelles persones f\u00edsiques o jur\u00eddiques de desenvolupen activitats empresarials o professionals estan obligades a presentar aquesta declaraci\u00f3 d\u2019operacions amb terceres persones.  <\/p>\n<p>En queden excloses aquelles societats o persones f\u00edsiques que tinguin la seu de la seva activitat econ\u00f2mica fora de l\u2019estat; les persones f\u00edsiques que tributin amb el m\u00e8tode d\u2019estimaci\u00f3 objectiva i al mateix temps en l\u2019IVA per r\u00e8gims especials simplificats o agricultura o rec\u00e0rrec d\u2019equival\u00e8ncia, excepte per les operacions que emetin una factura; i aquelles societats o persones f\u00edsiques que no realitzin operacions superiors a 3005.06 euros amb terceres persones. <\/p>\n<p>Entenem import superior a 3005,06 euros amb terceres persones l\u2019import total de la contraprestaci\u00f3. \u00c9s a dir, l\u2019import total de les factures, amb IVA incl\u00f2s.  Aquestes operacions es desglossen dins del model segons trimestres amb excepci\u00f3 de les operacions percebudes en met\u00e0l\u00b7lic o les que estan declarades com subjecte passiu o per criteri de caixa.  Les operacions han de ser netes, \u00e9s a dir amb les devolucions i els descomptes inclosos. <\/p>\n<p>Per la presentaci\u00f3 d\u2019aquest model \u00e9s necessari tenir una comptabilitat fiable i real de l\u2019activitat de l\u2019empresa. \u00c9s per aix\u00f2 que des de les nostres gestories cuidem les nostres empreses per tal de poder presentar els impostos de manera correcte i compleixin tots els requisits en que estan obligades. El nostre comprom\u00eds es poder oferir a la seva empresa un servei fiscal i comptable adequat per presentar els impostos de manera correcte i dins els terminis establerts.<\/p>\n","protected":false},"excerpt":{"rendered":"<p>Una vegada passat el tancament de l\u2019\u00faltim trimestre del 2018 i presentades les liquidacions de l\u2019IVA i IRPF en el cas dels aut\u00f2noms, aix\u00ed com tamb\u00e9 els resums anuals, s\u2019obre el termini per poder presentar el model 347 fins a finals de febrer. Per\u00f2 com podem saber si jo com a petit empresari estic obligat [&hellip;]<\/p>\n","protected":false},"author":1,"featured_media":0,"comment_status":"closed","ping_status":"closed","sticky":false,"template":"","format":"standard","meta":{"_et_pb_use_builder":"","_et_pb_old_content":"","_et_gb_content_width":"","footnotes":""},"categories":[14],"tags":[],"class_list":["post-2148","post","type-post","status-publish","format-standard","hentry","category-noticies"],"_links":{"self":[{"href":"https:\/\/www.gestoriadelaguardia.com\/ca\/wp-json\/wp\/v2\/posts\/2148","targetHints":{"allow":["GET"]}}],"collection":[{"href":"https:\/\/www.gestoriadelaguardia.com\/ca\/wp-json\/wp\/v2\/posts"}],"about":[{"href":"https:\/\/www.gestoriadelaguardia.com\/ca\/wp-json\/wp\/v2\/types\/post"}],"author":[{"embeddable":true,"href":"https:\/\/www.gestoriadelaguardia.com\/ca\/wp-json\/wp\/v2\/users\/1"}],"replies":[{"embeddable":true,"href":"https:\/\/www.gestoriadelaguardia.com\/ca\/wp-json\/wp\/v2\/comments?post=2148"}],"version-history":[{"count":1,"href":"https:\/\/www.gestoriadelaguardia.com\/ca\/wp-json\/wp\/v2\/posts\/2148\/revisions"}],"predecessor-version":[{"id":4668,"href":"https:\/\/www.gestoriadelaguardia.com\/ca\/wp-json\/wp\/v2\/posts\/2148\/revisions\/4668"}],"wp:attachment":[{"href":"https:\/\/www.gestoriadelaguardia.com\/ca\/wp-json\/wp\/v2\/media?parent=2148"}],"wp:term":[{"taxonomy":"category","embeddable":true,"href":"https:\/\/www.gestoriadelaguardia.com\/ca\/wp-json\/wp\/v2\/categories?post=2148"},{"taxonomy":"post_tag","embeddable":true,"href":"https:\/\/www.gestoriadelaguardia.com\/ca\/wp-json\/wp\/v2\/tags?post=2148"}],"curies":[{"name":"wp","href":"https:\/\/api.w.org\/{rel}","templated":true}]}}