{"id":2147,"date":"2019-02-24T00:00:00","date_gmt":"2019-02-23T23:00:00","guid":{"rendered":"https:\/\/www.gestoriadelaguardia.com\/?p=2147"},"modified":"2025-04-30T13:43:34","modified_gmt":"2025-04-30T11:43:34","slug":"que-fa-un-administrador-de-comunitats","status":"publish","type":"post","link":"https:\/\/www.gestoriadelaguardia.com\/ca\/2019\/02\/que-fa-un-administrador-de-comunitats\/","title":{"rendered":"Qu\u00e8 fa un administrador de comunitats?"},"content":{"rendered":"<p>Si vost\u00e8 \u00e9s ve\u00ed d\u2019una comunitat de propietaris de ben segur que alguna vegada li ha passat pel cap qu\u00e8 \u00e9s el que representa un administrador d\u2019una comunitat. La figura d\u2019un administrador esdev\u00e9 el nexe entre la comunitat i cadascun dels ve\u00efns. <\/p>\n<p>Les principals funcions dels administradors s\u00f3n les de gestionar els b\u00e9ns immobles aplicant la legislaci\u00f3 vigent, conservar i millorar aquesta propietat, resoldre els problemes que es puguin ocasionar, assessorar, representar i cuidar la comunitat de propietaris.<\/p>\n<p>Com administradors de finques col\u00b7legiats des de De La Gu\u00e0rdia Grup d\u2019Assessors oferim els serveis necessaris perqu\u00e8 la comunitat estigui cuidada i es compleixin totes les funcions de l\u2019administrador.  <\/p>\n<p>Ens fem c\u00e0rrec de la constituci\u00f3 de comunitats amb tots els tr\u00e0mits que es requereixen a nivell legal per tal de que la comunitat estigui realment ben constitu\u00efda davant de qualsevol incident. Una vegada la comunitat est\u00e0 constitu\u00efda recau sobre l\u2019administraci\u00f3 de finques la convocat\u00f2ria i celebraci\u00f3 de Juntes on es prenen les decisions amb l\u2019acord dels ve\u00efns i que tamb\u00e9 recauen sobre l\u2019administrador.<\/p>\n<p>A m\u00e9s a m\u00e9s, l\u2019administrador \u00e9s el responsable de la gesti\u00f3 econ\u00f2mica i comptable de les finques portant al dia l\u2019estat de comptes de la Comunitat i elaborar el pressupost de cara el pr\u00f2xim exercici. D\u2019aquesta manera hi ha un control dels ingressos i les despeses i que marquen la capacitat de gesti\u00f3 de la comunitat. Amb aquesta gesti\u00f3 es t\u00e9 en compte la supervisi\u00f3 i coordinaci\u00f3 de la reparaci\u00f3 i manteniment de les finques conjuntament amb la selecci\u00f3 de l\u2019asseguran\u00e7a comunit\u00e0ria que m\u00e9s s\u2019escau a la comunitat administrada.<\/p>\n<p>El nostre objectiu \u00e9s vetllar pel dia a dia de l\u2019edifici i de les persones que hi viuen.<br \/>\nEns posem a l\u2019abast de totes aquelles comunitats que volen una gesti\u00f3 correcta i eficient de la seva comunitat de ve\u00efns.<\/p>\n","protected":false},"excerpt":{"rendered":"<p>Si vost\u00e8 \u00e9s ve\u00ed d\u2019una comunitat de propietaris de ben segur que alguna vegada li ha passat pel cap qu\u00e8 \u00e9s el que representa un administrador d\u2019una comunitat. La figura d\u2019un administrador esdev\u00e9 el nexe entre la comunitat i cadascun dels ve\u00efns. Les principals funcions dels administradors s\u00f3n les de gestionar els b\u00e9ns immobles aplicant [&hellip;]<\/p>\n","protected":false},"author":1,"featured_media":0,"comment_status":"closed","ping_status":"closed","sticky":false,"template":"","format":"standard","meta":{"_et_pb_use_builder":"","_et_pb_old_content":"","_et_gb_content_width":"","footnotes":""},"categories":[14],"tags":[],"class_list":["post-2147","post","type-post","status-publish","format-standard","hentry","category-noticies"],"_links":{"self":[{"href":"https:\/\/www.gestoriadelaguardia.com\/ca\/wp-json\/wp\/v2\/posts\/2147","targetHints":{"allow":["GET"]}}],"collection":[{"href":"https:\/\/www.gestoriadelaguardia.com\/ca\/wp-json\/wp\/v2\/posts"}],"about":[{"href":"https:\/\/www.gestoriadelaguardia.com\/ca\/wp-json\/wp\/v2\/types\/post"}],"author":[{"embeddable":true,"href":"https:\/\/www.gestoriadelaguardia.com\/ca\/wp-json\/wp\/v2\/users\/1"}],"replies":[{"embeddable":true,"href":"https:\/\/www.gestoriadelaguardia.com\/ca\/wp-json\/wp\/v2\/comments?post=2147"}],"version-history":[{"count":1,"href":"https:\/\/www.gestoriadelaguardia.com\/ca\/wp-json\/wp\/v2\/posts\/2147\/revisions"}],"predecessor-version":[{"id":4670,"href":"https:\/\/www.gestoriadelaguardia.com\/ca\/wp-json\/wp\/v2\/posts\/2147\/revisions\/4670"}],"wp:attachment":[{"href":"https:\/\/www.gestoriadelaguardia.com\/ca\/wp-json\/wp\/v2\/media?parent=2147"}],"wp:term":[{"taxonomy":"category","embeddable":true,"href":"https:\/\/www.gestoriadelaguardia.com\/ca\/wp-json\/wp\/v2\/categories?post=2147"},{"taxonomy":"post_tag","embeddable":true,"href":"https:\/\/www.gestoriadelaguardia.com\/ca\/wp-json\/wp\/v2\/tags?post=2147"}],"curies":[{"name":"wp","href":"https:\/\/api.w.org\/{rel}","templated":true}]}}