{"id":2145,"date":"2019-01-26T00:00:00","date_gmt":"2019-01-25T23:00:00","guid":{"rendered":"https:\/\/www.gestoriadelaguardia.com\/?p=2145"},"modified":"2025-04-30T13:43:38","modified_gmt":"2025-04-30T11:43:38","slug":"novetats-en-materia-de-proteccio-de-dades","status":"publish","type":"post","link":"https:\/\/www.gestoriadelaguardia.com\/ca\/2019\/01\/novetats-en-materia-de-proteccio-de-dades\/","title":{"rendered":"Novetats en mat\u00e8ria de protecci\u00f3 de dades"},"content":{"rendered":"<p>[vc_row css_animation=&#8221;&#8221; row_type=&#8221;row&#8221; use_row_as_full_screen_section=&#8221;no&#8221; type=&#8221;full_width&#8221; angled_section=&#8221;no&#8221; text_align=&#8221;left&#8221; background_image_as_pattern=&#8221;without_pattern&#8221;][vc_column][vc_column_text]<strong>La seva empresa est\u00e0 obligada a designar un Delegat de Protecci\u00f3 de Dades?. Com ho puc saber?<\/strong><\/p>\n<p><strong>La resposta es troba a l\u2019article 34 de la nova Llei Org\u00e0nica de Protecci\u00f3 de Dades,<\/strong> la qual estableix uns sup\u00f2sits en els que en tot cas, per tant, de manera obligat\u00f2ria, s\u2019haur\u00e0 de designar un delegat de protecci\u00f3 de dades. L\u2019Ag\u00e8ncia Espanyola de Protecci\u00f3 de Dades podr\u00e0 comprovar si s\u2019ha realitzat aquesta designaci\u00f3 o no i es poden imposar sancions econ\u00f2miques elevades en cas d\u2019incompliment de la nova llei.<\/p>\n<p>El passat 6 de desembre de 2018 es va publicar al Butllet\u00ed Oficial de l\u2019Estat la nova Llei Org\u00e0nica de Protecci\u00f3 de Dades i Garantia dels Drets Digitals (\u201cLOPDGDD\u201d), entrant en vigor el dia seg\u00fcent de la seva publicaci\u00f3, \u00e9s a dir, el dia 7 de desembre de 2018.<\/p>\n<p>La LOPDGDD t\u00e9 com a fonament l\u2019adaptaci\u00f3 a l\u2019ordenament jur\u00eddic espanyol el Reglament General de Protecci\u00f3 de Dades (RGPD). Amb l\u2019entrada en vigor d\u2019aquesta nova Llei, es deroga l\u2019antiga Llei Org\u00e0nica de Protecci\u00f3 de Dades 15\/1999, de 13 de desembre, aix\u00ed com el Real Decret 5\/2018, de 27 de juliol, aprovat amb car\u00e0cter urgent amb la finalitat d\u2019implementar una s\u00e8rie de mesures per adaptar la legislaci\u00f3 espanyola al RGPD.<\/p>\n<p>\u00c9s important l\u2019article 34 relatiu a la designaci\u00f3 d\u2019un delegat de protecci\u00f3 de dades, el qual estableix que, en tot cas, <strong>s\u2019haur\u00e0 de designar un Delegat de Protecci\u00f3 de Dades en les seg\u00fcents entitats: <\/strong>[\/vc_column_text][\/vc_column][\/vc_row][vc_row css_animation=&#8221;&#8221; row_type=&#8221;row&#8221; use_row_as_full_screen_section=&#8221;no&#8221; type=&#8221;full_width&#8221; angled_section=&#8221;no&#8221; text_align=&#8221;left&#8221; background_image_as_pattern=&#8221;without_pattern&#8221;][vc_column]<\/p>\n<ul>\n<li>Els <strong>col\u00b7legis professionals<\/strong> i els seus consellers generals.<\/li>\n<li>Els <strong>centres docents<\/strong> que ofereixin ensenyaments en qualsevol dels nivells establerts a la legislaci\u00f3 reguladora del dret a l\u2019educaci\u00f3, aix\u00ed com a les Universitats publiques i privades.<\/li>\n<li>Les <strong>entitats que exploten xarxes i presten serveis de comunicacions electr\u00f2niques<\/strong> conforme al que disposa la seva legislaci\u00f3 espec\u00edfica, quan tractin habitual i sistem\u00e0ticament dades personals a gran escala.<\/li>\n<li>Els <strong>prestadors de serveis de la societat de la informaci\u00f3<\/strong> quan elaborin a gran escala perfils dels usuaris del servei.<\/li>\n<li>Les <strong>entitats<\/strong> incloses en l\u2019article 1 de la Llei 10\/2014, de 26 de juny, d\u2019ordenaci\u00f3, <strong>supervisi\u00f3 i solv\u00e8ncia d\u2019entitats de cr\u00e8dit.<\/strong><\/li>\n<li>Les <strong>entitats asseguradores i reasseguradores<\/strong>.<\/li>\n<li>Les <strong>empreses de serveis d\u2019inversi\u00f3<\/strong>, regulades per la legislaci\u00f3 del Mercat de Valors.<\/li>\n<li>Els distribu\u00efdors i comercialitzadors <strong>d\u2019energia el\u00e8ctrica<\/strong> i els distribu\u00efdors i comercialitzadors de <strong>gas natural.<\/strong><\/li>\n<li>Les entitats responsables de fitxers comuns per l\u2019avaluaci\u00f3 de <strong>la solv\u00e8ncia patrimonial i cr\u00e8dit<\/strong> o dels fitxers comuns per la gesti\u00f3 i prevenci\u00f3 del frau, incloent als responsables dels fitxers regulats per la legislaci\u00f3 de prevenci\u00f3 del blanqueig de capitals i de la finan\u00e7ament del terrorisme.<\/li>\n<li>Les <strong>entitats<\/strong> que desenvolupen <strong>activitats de publicitat i prospecci\u00f3 comercial<\/strong>, incloent les d\u2019investigaci\u00f3 comercial i de mercats, quan portin a terme tractament basats en les prefer\u00e8ncies dels afectats o realitzin activitats que impliquin l\u2019elaboraci\u00f3 de perfils dels mateixos.<\/li>\n<li>Els <strong>centres sanitaris<\/strong> legalment obligats al manteniment de les hist\u00f2ries cl\u00edniques dels pacients. Excepci\u00f3: els professionals de la salut que exerceixin a t\u00edtol individual.<\/li>\n<li>Les <strong>entitats<\/strong> que tinguin com un dels objectes <strong>l\u2019emissi\u00f3 d\u2019informes comercials<\/strong> que puguin referir-se a persones f\u00edsiques.<\/li>\n<li>Els operadors que desenvolupen <strong>l\u2019activitat de joc<\/strong> a trav\u00e9s de canals electr\u00f2nics, inform\u00e0tics, telem\u00e0tics i interactius, conforme a la normativa de regulaci\u00f3 del joc.<\/li>\n<li>Les empreses de <strong>seguretat privada.<\/strong><\/li>\n<li>Les <strong>federacions esportives<\/strong> quan tractin de dades de menors d\u2019edat.<\/li>\n<\/ul>\n<p>[\/vc_column][\/vc_row][vc_row css_animation=&#8221;&#8221; row_type=&#8221;row&#8221; use_row_as_full_screen_section=&#8221;no&#8221; type=&#8221;full_width&#8221; angled_section=&#8221;no&#8221; text_align=&#8221;left&#8221; background_image_as_pattern=&#8221;without_pattern&#8221;][vc_column][vc_column_text]Per tant, si es troba en alguna dels sup\u00f2sits anteriors, estaria obligat a designar un Delegat de Protecci\u00f3 de Dades.<\/p>\n<p>Per qualsevol dubte, aclariment, o per si volen contractar amb el nostre servei de protecci\u00f3 de dades, poden contactar a trav\u00e9s del seg\u00fcent correu electr\u00f2nic: <a href=\"mailto:protecciodedades@sugranyes.com\">protecciodedades@sugranyes.com<\/a>.[\/vc_column_text][\/vc_column][\/vc_row]<\/p>\n","protected":false},"excerpt":{"rendered":"<p>[vc_row css_animation=&#8221;&#8221; row_type=&#8221;row&#8221; use_row_as_full_screen_section=&#8221;no&#8221; type=&#8221;full_width&#8221; angled_section=&#8221;no&#8221; text_align=&#8221;left&#8221; background_image_as_pattern=&#8221;without_pattern&#8221;][vc_column][vc_column_text]La seva empresa est\u00e0 obligada a designar un Delegat de Protecci\u00f3 de Dades?. Com ho puc saber? La resposta es troba a l\u2019article 34 de la nova Llei Org\u00e0nica de Protecci\u00f3 de Dades, la qual estableix uns sup\u00f2sits en els que en tot cas, per tant, de manera [&hellip;]<\/p>\n","protected":false},"author":1,"featured_media":0,"comment_status":"closed","ping_status":"closed","sticky":false,"template":"","format":"standard","meta":{"_et_pb_use_builder":"","_et_pb_old_content":"","_et_gb_content_width":"","footnotes":""},"categories":[14],"tags":[],"class_list":["post-2145","post","type-post","status-publish","format-standard","hentry","category-noticies"],"_links":{"self":[{"href":"https:\/\/www.gestoriadelaguardia.com\/ca\/wp-json\/wp\/v2\/posts\/2145","targetHints":{"allow":["GET"]}}],"collection":[{"href":"https:\/\/www.gestoriadelaguardia.com\/ca\/wp-json\/wp\/v2\/posts"}],"about":[{"href":"https:\/\/www.gestoriadelaguardia.com\/ca\/wp-json\/wp\/v2\/types\/post"}],"author":[{"embeddable":true,"href":"https:\/\/www.gestoriadelaguardia.com\/ca\/wp-json\/wp\/v2\/users\/1"}],"replies":[{"embeddable":true,"href":"https:\/\/www.gestoriadelaguardia.com\/ca\/wp-json\/wp\/v2\/comments?post=2145"}],"version-history":[{"count":1,"href":"https:\/\/www.gestoriadelaguardia.com\/ca\/wp-json\/wp\/v2\/posts\/2145\/revisions"}],"predecessor-version":[{"id":4674,"href":"https:\/\/www.gestoriadelaguardia.com\/ca\/wp-json\/wp\/v2\/posts\/2145\/revisions\/4674"}],"wp:attachment":[{"href":"https:\/\/www.gestoriadelaguardia.com\/ca\/wp-json\/wp\/v2\/media?parent=2145"}],"wp:term":[{"taxonomy":"category","embeddable":true,"href":"https:\/\/www.gestoriadelaguardia.com\/ca\/wp-json\/wp\/v2\/categories?post=2145"},{"taxonomy":"post_tag","embeddable":true,"href":"https:\/\/www.gestoriadelaguardia.com\/ca\/wp-json\/wp\/v2\/tags?post=2145"}],"curies":[{"name":"wp","href":"https:\/\/api.w.org\/{rel}","templated":true}]}}