{"id":2143,"date":"2018-12-27T00:00:00","date_gmt":"2018-12-26T23:00:00","guid":{"rendered":"https:\/\/www.gestoriadelaguardia.com\/?p=2143"},"modified":"2025-04-30T13:43:42","modified_gmt":"2025-04-30T11:43:42","slug":"any-nou-vida-nova","status":"publish","type":"post","link":"https:\/\/www.gestoriadelaguardia.com\/ca\/2018\/12\/any-nou-vida-nova\/","title":{"rendered":"Any nou vida nova?"},"content":{"rendered":"<p>Qui diu any nou vida nova no \u00e9s aut\u00f2nom o petit empresari. Fet que es deu principalment que no \u00e9s conscient de la quantitat d\u2019impostos i regularitzacions que s\u2019han de presentar durant el primer mes de l\u2019exercici.<\/p>\n<p>Fins el 30 de Gener les empreses i aut\u00f2noms estan obligats a presentar els impostos corresponents del \u00faltim trimestre del 2017, com els trimestres anteriors, i a m\u00e9s, les declaracions informatives de tot l\u2019exercici.<\/p>\n<p>Per\u00f2 posem una mica d\u2019ordre de quines declaracions i dates haurem de presentar durant els pr\u00f2xims dies. Per comen\u00e7ar, fins el dia 20 hi ha temps per presentar els models 111 i 115. \u00c9s a dir, els models relacionats amb les retencions de IRPF que s\u2019han aplicat als treballadors, professionals i empresaris, en el cas del 111; i les retencions de IRPF aplicades als lloguers dels immobles urbans on es desenvolupa l\u2019activitat empresarial, en el cas del 115.<\/p>\n<p>En canvi, per la declaraci\u00f3 trimestral de l\u2019IVA, amb el model 303, i el model 349 d\u2019operacions intracomunit\u00e0ries tenim uns dies m\u00e9s de marge, fins el 30 de gener. Ja que es probable que hi hagi factures corresponents al desembre que tarden una mica m\u00e9s a arribar i les puguem tenir en compte al \u00faltim trimestre de 2017.<\/p>\n<p>Aquests dies de mes tamb\u00e9 ens serveixen per poder preparar els resums anuals dels impostos presentats durant tot el 2017. No \u00e9s res m\u00e9s que la suma dels quatre trimestres en una declaraci\u00f3 final i purament informativa. La liquidaci\u00f3 d\u2019aquests impostos ja s\u2019ha fet durant el 2017 i en la presentaci\u00f3 d\u2019aquest \u00faltim trimestre fins el 30 de gener. Es tracta del model 390, resum anual de l\u2019IVA; el model 190, resum anual de les retencions de IRPF que acull el model 111; i, el model 180, resum anual de les retencions dels quatre trimestres del model 115.<\/p>\n","protected":false},"excerpt":{"rendered":"<p>Qui diu any nou vida nova no \u00e9s aut\u00f2nom o petit empresari. Fet que es deu principalment que no \u00e9s conscient de la quantitat d\u2019impostos i regularitzacions que s\u2019han de presentar durant el primer mes de l\u2019exercici. Fins el 30 de Gener les empreses i aut\u00f2noms estan obligats a presentar els impostos corresponents del \u00faltim [&hellip;]<\/p>\n","protected":false},"author":1,"featured_media":0,"comment_status":"closed","ping_status":"closed","sticky":false,"template":"","format":"standard","meta":{"_et_pb_use_builder":"","_et_pb_old_content":"","_et_gb_content_width":"","footnotes":""},"categories":[14],"tags":[],"class_list":["post-2143","post","type-post","status-publish","format-standard","hentry","category-noticies"],"_links":{"self":[{"href":"https:\/\/www.gestoriadelaguardia.com\/ca\/wp-json\/wp\/v2\/posts\/2143","targetHints":{"allow":["GET"]}}],"collection":[{"href":"https:\/\/www.gestoriadelaguardia.com\/ca\/wp-json\/wp\/v2\/posts"}],"about":[{"href":"https:\/\/www.gestoriadelaguardia.com\/ca\/wp-json\/wp\/v2\/types\/post"}],"author":[{"embeddable":true,"href":"https:\/\/www.gestoriadelaguardia.com\/ca\/wp-json\/wp\/v2\/users\/1"}],"replies":[{"embeddable":true,"href":"https:\/\/www.gestoriadelaguardia.com\/ca\/wp-json\/wp\/v2\/comments?post=2143"}],"version-history":[{"count":1,"href":"https:\/\/www.gestoriadelaguardia.com\/ca\/wp-json\/wp\/v2\/posts\/2143\/revisions"}],"predecessor-version":[{"id":4678,"href":"https:\/\/www.gestoriadelaguardia.com\/ca\/wp-json\/wp\/v2\/posts\/2143\/revisions\/4678"}],"wp:attachment":[{"href":"https:\/\/www.gestoriadelaguardia.com\/ca\/wp-json\/wp\/v2\/media?parent=2143"}],"wp:term":[{"taxonomy":"category","embeddable":true,"href":"https:\/\/www.gestoriadelaguardia.com\/ca\/wp-json\/wp\/v2\/categories?post=2143"},{"taxonomy":"post_tag","embeddable":true,"href":"https:\/\/www.gestoriadelaguardia.com\/ca\/wp-json\/wp\/v2\/tags?post=2143"}],"curies":[{"name":"wp","href":"https:\/\/api.w.org\/{rel}","templated":true}]}}