{"id":2140,"date":"2018-12-05T00:00:00","date_gmt":"2018-12-04T23:00:00","guid":{"rendered":"https:\/\/www.gestoriadelaguardia.com\/?p=2140"},"modified":"2025-04-30T13:43:48","modified_gmt":"2025-04-30T11:43:48","slug":"29-de-desembre-de-2018-com-a-limit-per-homologar-la-teva-maquinaria-agricola","status":"publish","type":"post","link":"https:\/\/www.gestoriadelaguardia.com\/ca\/2018\/12\/29-de-desembre-de-2018-com-a-limit-per-homologar-la-teva-maquinaria-agricola\/","title":{"rendered":"29 de desembre de 2018 com a l\u00edmit per homologar la teva maquin\u00e0ria agr\u00edcola"},"content":{"rendered":"<p>Si sou propietaris de m\u00e0quines agr\u00edcoles de les categories R i S, \u00e9s a dir, remolcs agr\u00edcoles i m\u00e0quines remolcades, adquirides abans del 1 de gener de 2017 s\u2019han d\u2019homologar abans del 29 de desembre de 2018 a trav\u00e9s del ROMA. Les adquirides a partir de 2017 ja consten en principi com homologades pel Reglament UE 167\/2013.<\/p>\n<p>Des de la Direcci\u00f3 General de Tr\u00e0nsit s\u2019informa que \u00e9s probable que el ROMA estigui saturat els \u00faltims dies de l\u2019any i per tant recomana que es faci el tr\u00e0mit amb antelaci\u00f3. Si es don\u00e9s el cas, el propietari de la maquin\u00e0ria haur\u00e0 d\u2019acreditar en el moment de matricular-la una c\u00f2pia de la sol\u00b7licitud d\u2019inscripci\u00f3 al ROMA amb data 30 de desembre, i posteriorment, disposar\u00e0 d\u2019un mes per poder-ho tramitar.<\/p>\n<p>Sovint la maquin\u00e0ria agr\u00edcola no disposa de targeta ITV, document necessari per poder matricular-la. En el cas que el propietari disposi \u00fanicament del certificat de caracter\u00edstiques t\u00e8cniques del vehicle nom\u00e9s podr\u00e0 inscriure-la al ROMA sense procedir a la matriculaci\u00f3.<\/p>\n<p>Si el titular no disposa de la documentaci\u00f3 necess\u00e0ria pel tr\u00e0mit la pot aconseguir mitjan\u00e7ant el fabricant de la maquin\u00e0ria (si encara existeix), aconseguint un certificat em\u00e8s per un t\u00e8cnic professional competent segons l\u2019Annex IV del Reial Decret 1013\/2009 (nom\u00e9s podr\u00e0 inscriure\u2019s al ROMA, no matricular-la), o b\u00e9, a trav\u00e9s de homologar de manera individual la m\u00e0quina i per tant obtindria una fitxa t\u00e8cnica necess\u00e0ria per matricular-la.<\/p>\n","protected":false},"excerpt":{"rendered":"<p>Si sou propietaris de m\u00e0quines agr\u00edcoles de les categories R i S, \u00e9s a dir, remolcs agr\u00edcoles i m\u00e0quines remolcades, adquirides abans del 1 de gener de 2017 s\u2019han d\u2019homologar abans del 29 de desembre de 2018 a trav\u00e9s del ROMA. Les adquirides a partir de 2017 ja consten en principi com homologades pel Reglament [&hellip;]<\/p>\n","protected":false},"author":1,"featured_media":0,"comment_status":"closed","ping_status":"closed","sticky":false,"template":"","format":"standard","meta":{"_et_pb_use_builder":"","_et_pb_old_content":"","_et_gb_content_width":"","footnotes":""},"categories":[14],"tags":[],"class_list":["post-2140","post","type-post","status-publish","format-standard","hentry","category-noticies"],"_links":{"self":[{"href":"https:\/\/www.gestoriadelaguardia.com\/ca\/wp-json\/wp\/v2\/posts\/2140","targetHints":{"allow":["GET"]}}],"collection":[{"href":"https:\/\/www.gestoriadelaguardia.com\/ca\/wp-json\/wp\/v2\/posts"}],"about":[{"href":"https:\/\/www.gestoriadelaguardia.com\/ca\/wp-json\/wp\/v2\/types\/post"}],"author":[{"embeddable":true,"href":"https:\/\/www.gestoriadelaguardia.com\/ca\/wp-json\/wp\/v2\/users\/1"}],"replies":[{"embeddable":true,"href":"https:\/\/www.gestoriadelaguardia.com\/ca\/wp-json\/wp\/v2\/comments?post=2140"}],"version-history":[{"count":1,"href":"https:\/\/www.gestoriadelaguardia.com\/ca\/wp-json\/wp\/v2\/posts\/2140\/revisions"}],"predecessor-version":[{"id":4684,"href":"https:\/\/www.gestoriadelaguardia.com\/ca\/wp-json\/wp\/v2\/posts\/2140\/revisions\/4684"}],"wp:attachment":[{"href":"https:\/\/www.gestoriadelaguardia.com\/ca\/wp-json\/wp\/v2\/media?parent=2140"}],"wp:term":[{"taxonomy":"category","embeddable":true,"href":"https:\/\/www.gestoriadelaguardia.com\/ca\/wp-json\/wp\/v2\/categories?post=2140"},{"taxonomy":"post_tag","embeddable":true,"href":"https:\/\/www.gestoriadelaguardia.com\/ca\/wp-json\/wp\/v2\/tags?post=2140"}],"curies":[{"name":"wp","href":"https:\/\/api.w.org\/{rel}","templated":true}]}}