{"id":2139,"date":"2018-12-03T00:00:00","date_gmt":"2018-12-02T23:00:00","guid":{"rendered":"https:\/\/www.gestoriadelaguardia.com\/?p=2139"},"modified":"2025-04-30T13:43:49","modified_gmt":"2025-04-30T11:43:49","slug":"lirpf-per-maternitat-es-cobrara-abans-de-labril-del-2019","status":"publish","type":"post","link":"https:\/\/www.gestoriadelaguardia.com\/ca\/2018\/12\/lirpf-per-maternitat-es-cobrara-abans-de-labril-del-2019\/","title":{"rendered":"L\u2019IRPF per maternitat es cobrar\u00e0 abans de l\u2019abril del 2019"},"content":{"rendered":"<p>Aquest dilluns 3 de desembre de 2018 <b><a href=\"http:\/\/www.aeat.es\/\" target=\"_blank\" rel=\"noopener\"><\/b>l\u2019Agencia Tribut\u00e0ria<\/a> posa a la disposici\u00f3 dels contribuents el formulari per poder reclamar l\u2019IRPF pagat de les prestacions de maternitat i paternitat rebudes entre el 2014 i el 2018. Fet degut a la resposta del Tribunal Suprem que considera que aquestes prestacions estan exemptes de tributar en l\u2019impost de la renda de les persones f\u00edsiques i per tant, tenen aquests tenen dret a recuperar-lo.<\/p>\n<p>El procediment es for\u00e7a senzill i varia en funci\u00f3 dels anys en que s\u2019ha rebut aquesta prestaci\u00f3.<\/p>\n<p>Si els contribuents han sigut pares durant el 2018 la percepci\u00f3 es regular\u00e0 durant la campanya de la renda del 2018. Ja que Hisenda inclour\u00e0 a les dades fiscals dels contribuents aquestes rendes exemptes i les rendes suportades que es poden deduir. <\/p>\n<p>Les percepcions rebudes en exercicis ja tancats, \u00e9s a dir, d\u2019entre el 2014 i el 2017 han d\u2019iniciar el tr\u00e0mit de sol\u00b7licitud de devoluci\u00f3. A m\u00e9s a m\u00e9s, s\u2019ha de tenir en compte que si la prestaci\u00f3 s\u2019ha rebut en diferents anys, s\u2019haur\u00e0 de fer una reclamaci\u00f3 per cada any en que s\u2019han rebut les prestacions. <\/p>\n<p>Hisenda ja ha posat a disposici\u00f3 <b><a href=\"https:\/\/www.agenciatributaria.es\/AEAT.internet\/va_es\/Inicio\/La_Agencia_Tributaria\/Campanas\/_Campanas_\/Prestacion_maternidad\/Prestacion_maternidad.shtml\" target=\"_blank\" rel=\"noopener\">el formulari<\/a><\/b> per reclamar les prestacions del 2014 i 2015. Pels anys 2016 i 2017 es podr\u00e0 fer a partir del mes de gener.<\/p>\n<p>Es tracta d\u2019un procediment senzill en que el contribuent haur\u00e0 d\u2019indicar nom\u00e9s en quins anys ha rebut les prestacions i un n\u00famero de compte on volen que se\u2019ls hi retorni. No \u00e9s necessari adjuntar cap documentaci\u00f3 m\u00e9s ni certificat de la Seguretat Social, ja que ser\u00e0 Hisenda qui far\u00e0 el creuament de dades. <\/p>\n<p>Aix\u00f2 s\u00ed, per accedir al formulari \u00e9s necessari fer-ho amb el sistema REN\u00d8 (n\u00famero de refer\u00e8ncia per a serveis de renda), Cl@avePIN o amb el certificat electr\u00f2nic. El n\u00famero de refer\u00e8ncia, com en la campanya de la renda, s\u2019obtindr\u00e0 amb el n\u00famero de DNI i l\u2019import de la casella 450 de la declaraci\u00f3 de la renda del 2016 o b\u00e9 els 5 \u00faltims d\u00edgits d\u2019un numero de compte del qual es sigui titular. <\/p>\n<p>El tr\u00e0mit tamb\u00e9 es pot fer presencialment a les oficines de l\u2019AEAT, assumint que hi ha temps d\u2019espera per ser at\u00e8s i que el tr\u00e0mit pot ser m\u00e9s lent. <\/p>\n<p>L\u2019Ag\u00e8ncia Tribut\u00e0ria pret\u00e9n retornar aquest IRPF abans de l\u2019abril del 2019 ja sigui per prestacions de maternitat o paternitat encara que el Tribunal Suprem nom\u00e9s feia refer\u00e8ncia a les de maternitat. Es preveu que es podrien beneficiar d\u2019aquesta mesura del Govern m\u00e9s d\u2019un mili\u00f3 de persones i que de mitjana cada mare rebr\u00e0 uns 1600\u20ac i uns 383\u20ac pels pares. Els beneficiats podrien augmentar en el moment en que la legislaci\u00f3 tingui en compte els funcionaris adscrits a mutualitats. <\/p>\n<p>Goretti Molons<br \/>\nGraduada en Ci\u00e8ncies Empresarials i Management<br \/>\nEconomista 16.069<\/p>\n","protected":false},"excerpt":{"rendered":"<p>Aquest dilluns 3 de desembre de 2018 l\u2019Agencia Tribut\u00e0ria posa a la disposici\u00f3 dels contribuents el formulari per poder reclamar l\u2019IRPF pagat de les prestacions de maternitat i paternitat rebudes entre el 2014 i el 2018. Fet degut a la resposta del Tribunal Suprem que considera que aquestes prestacions estan exemptes de tributar en l\u2019impost [&hellip;]<\/p>\n","protected":false},"author":1,"featured_media":0,"comment_status":"closed","ping_status":"closed","sticky":false,"template":"","format":"standard","meta":{"_et_pb_use_builder":"","_et_pb_old_content":"","_et_gb_content_width":"","footnotes":""},"categories":[14],"tags":[],"class_list":["post-2139","post","type-post","status-publish","format-standard","hentry","category-noticies"],"_links":{"self":[{"href":"https:\/\/www.gestoriadelaguardia.com\/ca\/wp-json\/wp\/v2\/posts\/2139","targetHints":{"allow":["GET"]}}],"collection":[{"href":"https:\/\/www.gestoriadelaguardia.com\/ca\/wp-json\/wp\/v2\/posts"}],"about":[{"href":"https:\/\/www.gestoriadelaguardia.com\/ca\/wp-json\/wp\/v2\/types\/post"}],"author":[{"embeddable":true,"href":"https:\/\/www.gestoriadelaguardia.com\/ca\/wp-json\/wp\/v2\/users\/1"}],"replies":[{"embeddable":true,"href":"https:\/\/www.gestoriadelaguardia.com\/ca\/wp-json\/wp\/v2\/comments?post=2139"}],"version-history":[{"count":1,"href":"https:\/\/www.gestoriadelaguardia.com\/ca\/wp-json\/wp\/v2\/posts\/2139\/revisions"}],"predecessor-version":[{"id":4686,"href":"https:\/\/www.gestoriadelaguardia.com\/ca\/wp-json\/wp\/v2\/posts\/2139\/revisions\/4686"}],"wp:attachment":[{"href":"https:\/\/www.gestoriadelaguardia.com\/ca\/wp-json\/wp\/v2\/media?parent=2139"}],"wp:term":[{"taxonomy":"category","embeddable":true,"href":"https:\/\/www.gestoriadelaguardia.com\/ca\/wp-json\/wp\/v2\/categories?post=2139"},{"taxonomy":"post_tag","embeddable":true,"href":"https:\/\/www.gestoriadelaguardia.com\/ca\/wp-json\/wp\/v2\/tags?post=2139"}],"curies":[{"name":"wp","href":"https:\/\/api.w.org\/{rel}","templated":true}]}}