{"id":2137,"date":"2018-11-29T00:00:00","date_gmt":"2018-11-28T23:00:00","guid":{"rendered":"https:\/\/www.gestoriadelaguardia.com\/?p=2137"},"modified":"2025-04-30T13:43:54","modified_gmt":"2025-04-30T11:43:54","slug":"com-reclamar-lirpf-pagat-en-la-percepcio-de-maternitat-2","status":"publish","type":"post","link":"https:\/\/www.gestoriadelaguardia.com\/ca\/2018\/11\/com-reclamar-lirpf-pagat-en-la-percepcio-de-maternitat-2\/","title":{"rendered":"Com reclamar l\u2019IRPF pagat en la percepci\u00f3 de maternitat?"},"content":{"rendered":"<p>Segons una sent\u00e8ncia del Tribunal Suprem, totes aquelles persones que van rebre la prestaci\u00f3 per maternitat i\/o paternitat a partir del 2014 poden demanar la devoluci\u00f3 de l\u2019import tributat en IRPF. \u00c9s a dir, que aquesta prestaci\u00f3 doncs \u00e9s exempta de IRPF i, per tant, es poden reclamar els impostos que es van pagar m\u00e9s durant els anys 2014, 2015, 2016 i 2017.<\/p>\n<p>L\u2019IRPF \u00e9s un impost que es calcula amb un tant per cent depenent de la situaci\u00f3 econ\u00f2mica-patrimonial de cadasc\u00fa i, per tant, la quantitat que se\u2019n sol\u00b7licita la devoluci\u00f3 dependr\u00e0 de cada cas. Tot i aix\u00ed, amb el certificat digital o el sistema de Clau Pin ho podem consultar les nostres dades personals a la web de l\u2019Ag\u00e8ncia Tribut\u00e0ria.<\/p>\n<p>L\u2019Ag\u00e8ncia Tribut\u00e0ria posar\u00e0 a disposici\u00f3 dels contribuents un formulari en el qual es podr\u00e0 fer la reclamaci\u00f3 de la devoluci\u00f3 de l\u2019IRPF de la prestaci\u00f3 de maternitat i\/o paternitat.<\/p>\n<p>Mentre aquest formulari no estigui disponible, el tr\u00e0mit \u00e9s diferent. En primer lloc, s\u2019ha de presentar un escrit de rectificaci\u00f3 d\u2019autoliquidaci\u00f3 i devoluci\u00f3 d\u2019ingressos indeguts de l\u2019any en que es van percebre juntament amb una fotocopia de la declaraci\u00f3 i les dades fiscals de l\u2019any que es reclama. L\u2019OCU, per tal d\u2019ajudar en aquest tr\u00e0mit, posa a disposici\u00f3 un model d\u2019aquest escrit i els passos a seguir en la reclamaci\u00f3.<\/p>\n<p>Una vegada s\u2019ha presentat la documentaci\u00f3 hem d\u2019esperar la resoluci\u00f3 d\u2019Hisenda, que la pot acceptar o no:<\/p>\n<p>&#8211;\u00a0\u00a0\u00a0\u00a0\u00a0\u00a0\u00a0\u00a0\u00a0\u00a0\u00a0\u00a0\u00a0\u00a0\u00a0 Si l\u2019accepta, Hisenda retorna al contribuent els impostos pagats de m\u00e9s en IRPF sumant-hi els interessos de demora. Aquests interessos s\u00f3n un percentatge sobre l\u2019import a retornar des de l\u2019\u00faltim dia de presentaci\u00f3 de la renda d\u2019aquell exercici que es sol\u00b7licita fins a la data de la resoluci\u00f3 d\u2019aquest tr\u00e0mit.<\/p>\n<p>&#8211;\u00a0\u00a0\u00a0\u00a0\u00a0\u00a0\u00a0\u00a0\u00a0\u00a0\u00a0\u00a0\u00a0\u00a0\u00a0 Si no l\u2019accepta, el contribuent pot tornar a presentar una reclamaci\u00f3 econ\u00f2mica-administrativa i tornar a comen\u00e7ar el tr\u00e0mit. I si aquest tamb\u00e9 \u00e9s rebutjat, pot seguir endavant en la reclamaci\u00f3 a trav\u00e9s de l\u2019assessorament d\u2019un advocat i un procurador, que poden fer que el tr\u00e0mit sigui molt m\u00e9s llarg.<\/p>\n<p>&nbsp;<\/p>\n<p>Goretti Molons Salom\u00f3<\/p>\n<p>Economista 16.069<\/p>\n","protected":false},"excerpt":{"rendered":"<p>Segons una sent\u00e8ncia del Tribunal Suprem, totes aquelles persones que van rebre la prestaci\u00f3 per maternitat i\/o paternitat a partir del 2014 poden demanar la devoluci\u00f3 de l\u2019import tributat en IRPF. \u00c9s a dir, que aquesta prestaci\u00f3 doncs \u00e9s exempta de IRPF i, per tant, es poden reclamar els impostos que es van pagar m\u00e9s [&hellip;]<\/p>\n","protected":false},"author":1,"featured_media":0,"comment_status":"closed","ping_status":"closed","sticky":false,"template":"","format":"standard","meta":{"_et_pb_use_builder":"","_et_pb_old_content":"","_et_gb_content_width":"","footnotes":""},"categories":[14],"tags":[],"class_list":["post-2137","post","type-post","status-publish","format-standard","hentry","category-noticies"],"_links":{"self":[{"href":"https:\/\/www.gestoriadelaguardia.com\/ca\/wp-json\/wp\/v2\/posts\/2137","targetHints":{"allow":["GET"]}}],"collection":[{"href":"https:\/\/www.gestoriadelaguardia.com\/ca\/wp-json\/wp\/v2\/posts"}],"about":[{"href":"https:\/\/www.gestoriadelaguardia.com\/ca\/wp-json\/wp\/v2\/types\/post"}],"author":[{"embeddable":true,"href":"https:\/\/www.gestoriadelaguardia.com\/ca\/wp-json\/wp\/v2\/users\/1"}],"replies":[{"embeddable":true,"href":"https:\/\/www.gestoriadelaguardia.com\/ca\/wp-json\/wp\/v2\/comments?post=2137"}],"version-history":[{"count":1,"href":"https:\/\/www.gestoriadelaguardia.com\/ca\/wp-json\/wp\/v2\/posts\/2137\/revisions"}],"predecessor-version":[{"id":4691,"href":"https:\/\/www.gestoriadelaguardia.com\/ca\/wp-json\/wp\/v2\/posts\/2137\/revisions\/4691"}],"wp:attachment":[{"href":"https:\/\/www.gestoriadelaguardia.com\/ca\/wp-json\/wp\/v2\/media?parent=2137"}],"wp:term":[{"taxonomy":"category","embeddable":true,"href":"https:\/\/www.gestoriadelaguardia.com\/ca\/wp-json\/wp\/v2\/categories?post=2137"},{"taxonomy":"post_tag","embeddable":true,"href":"https:\/\/www.gestoriadelaguardia.com\/ca\/wp-json\/wp\/v2\/tags?post=2137"}],"curies":[{"name":"wp","href":"https:\/\/api.w.org\/{rel}","templated":true}]}}