{"id":2135,"date":"2018-11-26T00:00:00","date_gmt":"2018-11-25T23:00:00","guid":{"rendered":"https:\/\/www.gestoriadelaguardia.com\/?p=2135"},"modified":"2025-04-30T13:43:55","modified_gmt":"2025-04-30T11:43:55","slug":"la-quota-dautonoms-augmenta-63-euros-anuals","status":"publish","type":"post","link":"https:\/\/www.gestoriadelaguardia.com\/ca\/2018\/11\/la-quota-dautonoms-augmenta-63-euros-anuals\/","title":{"rendered":"La quota d&#8217;aut\u00f2noms incrementa 63\u20ac anuals"},"content":{"rendered":"<p>Despr\u00e9s de llargues reunions entre el Govern Espanyol i les organitzacions ATA i UPTA han arribat a l\u2019acord de l\u2019augment de la quota dels aut\u00f2noms d\u2019uns 60 euros anuals a partir de l\u20191 de gener de 2019. Xifra molt inferior al augment dels 260 euros que proposava inicialment el Govern i que la ATA i UPTA van senyalar de inassumibles.<\/p>\n<p>Molts aut\u00f2noms es preguntaran qu\u00e8 significa aquest augment al dia a dia de la seva activitat i la seva situaci\u00f3 respecte les cobertures de la Seguretat Social. Ja que la ATA i la UPTA han acceptat aquest increment a canvi de millores. Estem parlant de:<\/p>\n<ul>\n<li>Dret a cobrar l\u2019atur en el moment de cessar l\u2019activitat.<\/li>\n<li>Dret a cobrar si es formen<\/li>\n<li>Dret a cobrar si estan de baixa per un accident laboral o malaltia professional. Bonificaci\u00f3 del 100% en IT.<\/li>\n<li>Exempci\u00f3 de pagar la quota d\u2019aut\u00f2noms si pateix una malaltia de llarga durada<\/li>\n<\/ul>\n<p>&nbsp;<\/p>\n<p>Totes aquestes millores seran possibles augmentant la quota dels aut\u00f2noms uns 5,63\u20ac\/mes (uns 63 euros l\u2019any) i uns 82\u20ac\/l\u2019any en el cas dels aut\u00f2noms societaris. Tot i aix\u00ed, l\u2019objectiu del Govern espanyol \u00e9s aconseguir una cotitzaci\u00f3 segons els ingressos reals dels aut\u00f2noms de cara el 2019.<\/p>\n<p>&nbsp;<\/p>\n<p>Goretti Molons<\/p>\n<p>Graduada en Ci\u00e8ncies Empresarials i Management<\/p>\n<p>Economista 16.069<\/p>\n","protected":false},"excerpt":{"rendered":"<p>Despr\u00e9s de llargues reunions entre el Govern Espanyol i les organitzacions ATA i UPTA han arribat a l\u2019acord de l\u2019augment de la quota dels aut\u00f2noms d\u2019uns 60 euros anuals a partir de l\u20191 de gener de 2019. Xifra molt inferior al augment dels 260 euros que proposava inicialment el Govern i que la ATA i [&hellip;]<\/p>\n","protected":false},"author":1,"featured_media":0,"comment_status":"closed","ping_status":"closed","sticky":false,"template":"","format":"standard","meta":{"_et_pb_use_builder":"","_et_pb_old_content":"","_et_gb_content_width":"","footnotes":""},"categories":[14],"tags":[],"class_list":["post-2135","post","type-post","status-publish","format-standard","hentry","category-noticies"],"_links":{"self":[{"href":"https:\/\/www.gestoriadelaguardia.com\/ca\/wp-json\/wp\/v2\/posts\/2135","targetHints":{"allow":["GET"]}}],"collection":[{"href":"https:\/\/www.gestoriadelaguardia.com\/ca\/wp-json\/wp\/v2\/posts"}],"about":[{"href":"https:\/\/www.gestoriadelaguardia.com\/ca\/wp-json\/wp\/v2\/types\/post"}],"author":[{"embeddable":true,"href":"https:\/\/www.gestoriadelaguardia.com\/ca\/wp-json\/wp\/v2\/users\/1"}],"replies":[{"embeddable":true,"href":"https:\/\/www.gestoriadelaguardia.com\/ca\/wp-json\/wp\/v2\/comments?post=2135"}],"version-history":[{"count":1,"href":"https:\/\/www.gestoriadelaguardia.com\/ca\/wp-json\/wp\/v2\/posts\/2135\/revisions"}],"predecessor-version":[{"id":4693,"href":"https:\/\/www.gestoriadelaguardia.com\/ca\/wp-json\/wp\/v2\/posts\/2135\/revisions\/4693"}],"wp:attachment":[{"href":"https:\/\/www.gestoriadelaguardia.com\/ca\/wp-json\/wp\/v2\/media?parent=2135"}],"wp:term":[{"taxonomy":"category","embeddable":true,"href":"https:\/\/www.gestoriadelaguardia.com\/ca\/wp-json\/wp\/v2\/categories?post=2135"},{"taxonomy":"post_tag","embeddable":true,"href":"https:\/\/www.gestoriadelaguardia.com\/ca\/wp-json\/wp\/v2\/tags?post=2135"}],"curies":[{"name":"wp","href":"https:\/\/api.w.org\/{rel}","templated":true}]}}