{"id":2133,"date":"2018-10-30T00:00:00","date_gmt":"2018-10-29T23:00:00","guid":{"rendered":"https:\/\/www.gestoriadelaguardia.com\/?p=2133"},"modified":"2025-04-30T13:44:01","modified_gmt":"2025-04-30T11:44:01","slug":"els-discapacitats-intel%c2%b7lectuals-aconsegueixen-no-perdre-el-vot-si-sels-incapacita","status":"publish","type":"post","link":"https:\/\/www.gestoriadelaguardia.com\/ca\/2018\/10\/els-discapacitats-intel%c2%b7lectuals-aconsegueixen-no-perdre-el-vot-si-sels-incapacita\/","title":{"rendered":"Els discapacitats intel\u00b7lectuals aconsegueixen no perdre el vot si se&#8217;ls incapacita."},"content":{"rendered":"<style type=\"text\/css\"><!--\np.p1 {margin: 0.0px 0.0px 0.0px 0.0px; font: 12.0px 'Trebuchet MS'}\n--><\/style>\n<p>Els discapacitats intel\u00b7lectuals aconsegueixen no perdre el vot si se&#8217;ls incapacita.\u00a0Fins ara, quan la fam\u00edlia demanava la incapacitaci\u00f3, perdien autom\u00e0ticament aquest dret.<\/p>\n<p>El Congr\u00e9s ha tirat endavant,\u00a0<strong>per unanimitat<\/strong>, una reforma de la llei electoral perqu\u00e8 els incapacitats legalment per un jutge puguin votar.<\/p>\n<p>Fins ara, quan la fam\u00edlia de discapacitats intel\u00b7lectuals, persones amb alguna malaltia mental o un deteriorament cognitiu\u00a0en demanava la incapacitaci\u00f3 perdien autom\u00e0ticament aquest dret.<\/p>\n<p>A tot Espanya s\u00f3n 100.000 persones\u00a0incapacitades judicialment, que en les properes eleccions podran votar.<\/p>\n<style type=\"text\/css\"><!--\np.p1 {margin: 0.0px 0.0px 0.0px 0.0px; font: 12.0px 'Trebuchet MS'; color: #4787ff}\nspan.s1 {text-decoration: underline}\nspan.s2 {color: #000000}\n--><\/style>\n<p><a href=\"http:\/\/www.ccma.cat\/324\/els-discapacitats-intel-lectuals-aconsegueixen-no-perdre-el-vot-si-se-ls-incapacita\/noticia\/2881653\" target=\"_blank\" rel=\"noopener\">Veure noticia<\/a><\/p>\n","protected":false},"excerpt":{"rendered":"<p>Els discapacitats intel\u00b7lectuals aconsegueixen no perdre el vot si se&#8217;ls incapacita.\u00a0Fins ara, quan la fam\u00edlia demanava la incapacitaci\u00f3, perdien autom\u00e0ticament aquest dret. El Congr\u00e9s ha tirat endavant,\u00a0per unanimitat, una reforma de la llei electoral perqu\u00e8 els incapacitats legalment per un jutge puguin votar. Fins ara, quan la fam\u00edlia de discapacitats intel\u00b7lectuals, persones amb alguna malaltia [&hellip;]<\/p>\n","protected":false},"author":1,"featured_media":0,"comment_status":"closed","ping_status":"closed","sticky":false,"template":"","format":"standard","meta":{"_et_pb_use_builder":"","_et_pb_old_content":"","_et_gb_content_width":"","footnotes":""},"categories":[14],"tags":[],"class_list":["post-2133","post","type-post","status-publish","format-standard","hentry","category-noticies"],"_links":{"self":[{"href":"https:\/\/www.gestoriadelaguardia.com\/ca\/wp-json\/wp\/v2\/posts\/2133","targetHints":{"allow":["GET"]}}],"collection":[{"href":"https:\/\/www.gestoriadelaguardia.com\/ca\/wp-json\/wp\/v2\/posts"}],"about":[{"href":"https:\/\/www.gestoriadelaguardia.com\/ca\/wp-json\/wp\/v2\/types\/post"}],"author":[{"embeddable":true,"href":"https:\/\/www.gestoriadelaguardia.com\/ca\/wp-json\/wp\/v2\/users\/1"}],"replies":[{"embeddable":true,"href":"https:\/\/www.gestoriadelaguardia.com\/ca\/wp-json\/wp\/v2\/comments?post=2133"}],"version-history":[{"count":1,"href":"https:\/\/www.gestoriadelaguardia.com\/ca\/wp-json\/wp\/v2\/posts\/2133\/revisions"}],"predecessor-version":[{"id":4699,"href":"https:\/\/www.gestoriadelaguardia.com\/ca\/wp-json\/wp\/v2\/posts\/2133\/revisions\/4699"}],"wp:attachment":[{"href":"https:\/\/www.gestoriadelaguardia.com\/ca\/wp-json\/wp\/v2\/media?parent=2133"}],"wp:term":[{"taxonomy":"category","embeddable":true,"href":"https:\/\/www.gestoriadelaguardia.com\/ca\/wp-json\/wp\/v2\/categories?post=2133"},{"taxonomy":"post_tag","embeddable":true,"href":"https:\/\/www.gestoriadelaguardia.com\/ca\/wp-json\/wp\/v2\/tags?post=2133"}],"curies":[{"name":"wp","href":"https:\/\/api.w.org\/{rel}","templated":true}]}}