{"id":2132,"date":"2018-10-30T00:00:00","date_gmt":"2018-10-29T23:00:00","guid":{"rendered":"https:\/\/www.gestoriadelaguardia.com\/?p=2132"},"modified":"2025-04-30T13:44:00","modified_gmt":"2025-04-30T11:44:00","slug":"com-reclamar-lirpf-pagat-en-la-percepcio-de-maternitat","status":"publish","type":"post","link":"https:\/\/www.gestoriadelaguardia.com\/ca\/2018\/10\/com-reclamar-lirpf-pagat-en-la-percepcio-de-maternitat\/","title":{"rendered":"Com reclamar l\u2019IRPF pagat en la percepci\u00f3 de maternitat?"},"content":{"rendered":"<style type=\"text\/css\"><!--\np.p1 {margin: 0.0px 0.0px 0.0px 0.0px; font: 12.0px 'Trebuchet MS'}\n--><\/style>\n<p style=\"text-align: left;\" align=\"center\"><span style=\"text-align: left;\">Segons una sentencia del Tribunal Suprem, totes aquelles persones que van rebre la prestaci\u00f3 per maternitat i\/o paternitat a partir del 2014 poden demanar la devoluci\u00f3 de l\u2019import tributat en IRPF. \u00c9s a dir, que aquesta prestaci\u00f3 doncs \u00e9s exempta de IRPF i, per tant, es poden reclamar els impostos que es van pagar m\u00e9s durant els anys 2014, 2015, 2016 i 2017.<\/span><\/p>\n<p style=\"text-align: left;\">L\u2019IRPF \u00e9s un impost que es calcula amb un tant per cent depenent de la situaci\u00f3 econ\u00f2mica-patrimonial de cadasc\u00fa i, per tant,\u00a0 la quantitat que se\u2019n sol\u00b7licita la devoluci\u00f3 dependr\u00e0 de cada cas. Tot i aix\u00ed, amb el certificat digital o el sistema de Clau Pin ho podem consultar les nostres dades personals\u00a0 a la web de l\u2019Ag\u00e8ncia Tribut\u00e0ria.<\/p>\n<p style=\"text-align: left;\">L\u2019Ag\u00e8ncia Tribut\u00e0ria posar\u00e0 a disposici\u00f3 dels contribuents un formulari en el qual es podr\u00e0 fer la reclamaci\u00f3 de la devoluci\u00f3 de l\u2019IRPF de la prestaci\u00f3 de maternitat i\/o paternitat.<\/p>\n<p style=\"text-align: left;\">Mentre aquest formulari no estigui disponible, el tr\u00e0mit \u00e9s diferent.\u00a0 En primer lloc, s\u2019ha de presentar un escrit de rectificaci\u00f3 d\u2019autoliquidaci\u00f3 i devoluci\u00f3 d\u2019ingressos indeguts de l\u2019any en que es van percebre juntament amb una fotocopia de la declaraci\u00f3 i les dades fiscals de l\u2019any que es reclama.\u00a0 L\u2019OCU, per tal d\u2019ajudar en aquest tr\u00e0mit, posa a disposici\u00f3 un model d\u2019aquest escrit i els passos a seguir en la reclamaci\u00f3.<\/p>\n<p style=\"text-align: left;\">Una vegada s\u2019ha presentat la documentaci\u00f3 hem d\u2019esperar la resoluci\u00f3 d\u2019Hisenda, que la pot acceptar o no:<\/p>\n<p style=\"text-align: left;\">&#8211; Si l\u2019accepta, Hisenda retorna al contribuent els impostos pagats de m\u00e9s en IRPF sumant-hi els interessos de demora. Aquests interessos s\u00f3n un percentatge sobre l\u2019import a retornar des de l\u2019\u00faltim dia de presentaci\u00f3 de la renda d\u2019aquell exercici que es sol\u00b7licita fins a la data de la resoluci\u00f3 d\u2019aquest tr\u00e0mit.<\/p>\n<p style=\"text-align: left;\">&#8211; Si no l\u2019accepta, el contribuent pot tornar a presentar una reclamaci\u00f3 econ\u00f2mica-administrativa i tornar a comen\u00e7ar el tr\u00e0mit. I si aquest tamb\u00e9 \u00e9s rebutjat, pot seguir endavant en la reclamaci\u00f3 a trav\u00e9s de l\u2019assessorament d\u2019un advocat i un procurador, que poden fer que el tr\u00e0mit sigui molt m\u00e9s llarg.<\/p>\n<p style=\"text-align: left;\">\u00a0Goretti Molons Salom\u00f3<\/p>\n<p>Economista 16.069<\/p>\n","protected":false},"excerpt":{"rendered":"<p>Segons una sentencia del Tribunal Suprem, totes aquelles persones que van rebre la prestaci\u00f3 per maternitat i\/o paternitat a partir del 2014 poden demanar la devoluci\u00f3 de l\u2019import tributat en IRPF. \u00c9s a dir, que aquesta prestaci\u00f3 doncs \u00e9s exempta de IRPF i, per tant, es poden reclamar els impostos que es van pagar m\u00e9s [&hellip;]<\/p>\n","protected":false},"author":1,"featured_media":0,"comment_status":"closed","ping_status":"closed","sticky":false,"template":"","format":"standard","meta":{"_et_pb_use_builder":"","_et_pb_old_content":"","_et_gb_content_width":"","footnotes":""},"categories":[14],"tags":[],"class_list":["post-2132","post","type-post","status-publish","format-standard","hentry","category-noticies"],"_links":{"self":[{"href":"https:\/\/www.gestoriadelaguardia.com\/ca\/wp-json\/wp\/v2\/posts\/2132","targetHints":{"allow":["GET"]}}],"collection":[{"href":"https:\/\/www.gestoriadelaguardia.com\/ca\/wp-json\/wp\/v2\/posts"}],"about":[{"href":"https:\/\/www.gestoriadelaguardia.com\/ca\/wp-json\/wp\/v2\/types\/post"}],"author":[{"embeddable":true,"href":"https:\/\/www.gestoriadelaguardia.com\/ca\/wp-json\/wp\/v2\/users\/1"}],"replies":[{"embeddable":true,"href":"https:\/\/www.gestoriadelaguardia.com\/ca\/wp-json\/wp\/v2\/comments?post=2132"}],"version-history":[{"count":1,"href":"https:\/\/www.gestoriadelaguardia.com\/ca\/wp-json\/wp\/v2\/posts\/2132\/revisions"}],"predecessor-version":[{"id":4698,"href":"https:\/\/www.gestoriadelaguardia.com\/ca\/wp-json\/wp\/v2\/posts\/2132\/revisions\/4698"}],"wp:attachment":[{"href":"https:\/\/www.gestoriadelaguardia.com\/ca\/wp-json\/wp\/v2\/media?parent=2132"}],"wp:term":[{"taxonomy":"category","embeddable":true,"href":"https:\/\/www.gestoriadelaguardia.com\/ca\/wp-json\/wp\/v2\/categories?post=2132"},{"taxonomy":"post_tag","embeddable":true,"href":"https:\/\/www.gestoriadelaguardia.com\/ca\/wp-json\/wp\/v2\/tags?post=2132"}],"curies":[{"name":"wp","href":"https:\/\/api.w.org\/{rel}","templated":true}]}}