{"id":2131,"date":"2018-07-13T00:00:00","date_gmt":"2018-07-12T22:00:00","guid":{"rendered":"https:\/\/www.gestoriadelaguardia.com\/?p=2131"},"modified":"2025-04-30T13:44:03","modified_gmt":"2025-04-30T11:44:03","slug":"proteccio-de-dades","status":"publish","type":"post","link":"https:\/\/www.gestoriadelaguardia.com\/ca\/2018\/07\/proteccio-de-dades\/","title":{"rendered":"PROTECCIO DE DADES"},"content":{"rendered":"<p><strong>Incorporem un nou departament en mat\u00e8ria de protecci\u00f3 de dades.<\/strong><\/p>\n<p>Ens dirigim a persones f\u00edsiques, PIMES, grans empreses i ens p\u00fablics, i oferim el servei d\u2019assessorament per tal de complir amb la Llei Org\u00e0nica de Protecci\u00f3 de Dades (LOPD) i adaptar-se al nou Reglament (UE) 2016\/679 del Parlament europeu i del Consell europeu de 27 d\u2019abril de 2016 (RGPD).<\/p>\n<p>La finalitat del RGPD \u00e9s harmonitzar la protecci\u00f3 dels drets i les llibertats fonamentals de les persones f\u00edsiques en relaci\u00f3 amb les activitats de tractament de dades de car\u00e0cter personal i garantir la lliure circulaci\u00f3 d\u2019aquestes dades entre els Estats membres.<\/p>\n<p><a href=\"http:\/\/www.gestoriadelaguardia.com\/wp-content\/uploads\/2018\/07\/38605912_m.jpg\"><img loading=\"lazy\" decoding=\"async\" class=\"alignnone size-medium wp-image-496\" alt=\"38605912 - computer security on the internet lock icon data protection\" src=\"http:\/\/www.gestoriadelaguardia.com\/wp-content\/uploads\/2018\/07\/38605912_m-300x200.jpg\" width=\"300\" height=\"200\" \/><\/a><\/p>\n<p>El departament de protecci\u00f3 de dades compta amb un equip de professionals amb experi\u00e8ncia, advocats i delegats de protecci\u00f3 de dades que permet oferir un servei efica\u00e7 en el compliment de la normativa vigent.<\/p>\n<ul>\n<li>Adequaci\u00f3 jur\u00eddica a la LOPD i al RGPD adaptada a cada sector i tipus d\u2019empresa i a l\u2019ens p\u00fablic.<\/li>\n<li>Auditoria jur\u00eddica de compliment de la LOPD i el RGPD i auditoria de compliment de les mesures de seguretat.<\/li>\n<li>Protocol\u00b7litzaci\u00f3 del tractament de dades personals en l\u2019activitat quotidiana de l\u2019empresa o ens p\u00fablic (cl\u00e0usules, contractes, avisos).<\/li>\n<li>Assessorament davant d\u2019inspeccions de l\u2019Ag\u00e8ncia de Protecci\u00f3 de Dades.<\/li>\n<li>Defensa jur\u00eddica davant de l\u2019Ag\u00e8ncia de Protecci\u00f3 de Dades i Contenci\u00f3s administratiu.<\/li>\n<li>Assessorament per exercitar els drets d\u2019acc\u00e9s, rectificaci\u00f3, oposici\u00f3, supressi\u00f3, portabilitat i a la limitaci\u00f3 del tractament.<\/li>\n<li>Assegurar i supervisar el compliment del RGPD.<\/li>\n<li>Informar i assessorar a l\u2019\u00f2rgan decisori de l\u2019empresa i als propis treballadors que s\u2019ocupin del tractament, sobre les obligacions que tenen, en relaci\u00f3 amb el RGPD i d\u2019altres disposicions de protecci\u00f3 de dades de la Uni\u00f3 o dels estats membres.<\/li>\n<li>Participar en el desenvolupament i execuci\u00f3 de les avaluacions d\u2019impacte, assessorant sobre les q\u00fcestions principals que es podran suscitar sobre l\u2019execuci\u00f3 de les mateixes.<\/li>\n<\/ul>\n","protected":false},"excerpt":{"rendered":"<p>Incorporem un nou departament en mat\u00e8ria de protecci\u00f3 de dades. Ens dirigim a persones f\u00edsiques, PIMES, grans empreses i ens p\u00fablics, i oferim el servei d\u2019assessorament per tal de complir amb la Llei Org\u00e0nica de Protecci\u00f3 de Dades (LOPD) i adaptar-se al nou Reglament (UE) 2016\/679 del Parlament europeu i del Consell europeu de 27 [&hellip;]<\/p>\n","protected":false},"author":1,"featured_media":0,"comment_status":"closed","ping_status":"closed","sticky":false,"template":"","format":"standard","meta":{"_et_pb_use_builder":"","_et_pb_old_content":"","_et_gb_content_width":"","footnotes":""},"categories":[14],"tags":[],"class_list":["post-2131","post","type-post","status-publish","format-standard","hentry","category-noticies"],"_links":{"self":[{"href":"https:\/\/www.gestoriadelaguardia.com\/ca\/wp-json\/wp\/v2\/posts\/2131","targetHints":{"allow":["GET"]}}],"collection":[{"href":"https:\/\/www.gestoriadelaguardia.com\/ca\/wp-json\/wp\/v2\/posts"}],"about":[{"href":"https:\/\/www.gestoriadelaguardia.com\/ca\/wp-json\/wp\/v2\/types\/post"}],"author":[{"embeddable":true,"href":"https:\/\/www.gestoriadelaguardia.com\/ca\/wp-json\/wp\/v2\/users\/1"}],"replies":[{"embeddable":true,"href":"https:\/\/www.gestoriadelaguardia.com\/ca\/wp-json\/wp\/v2\/comments?post=2131"}],"version-history":[{"count":1,"href":"https:\/\/www.gestoriadelaguardia.com\/ca\/wp-json\/wp\/v2\/posts\/2131\/revisions"}],"predecessor-version":[{"id":4702,"href":"https:\/\/www.gestoriadelaguardia.com\/ca\/wp-json\/wp\/v2\/posts\/2131\/revisions\/4702"}],"wp:attachment":[{"href":"https:\/\/www.gestoriadelaguardia.com\/ca\/wp-json\/wp\/v2\/media?parent=2131"}],"wp:term":[{"taxonomy":"category","embeddable":true,"href":"https:\/\/www.gestoriadelaguardia.com\/ca\/wp-json\/wp\/v2\/categories?post=2131"},{"taxonomy":"post_tag","embeddable":true,"href":"https:\/\/www.gestoriadelaguardia.com\/ca\/wp-json\/wp\/v2\/tags?post=2131"}],"curies":[{"name":"wp","href":"https:\/\/api.w.org\/{rel}","templated":true}]}}