{"id":2130,"date":"2018-04-19T00:00:00","date_gmt":"2018-04-18T22:00:00","guid":{"rendered":"https:\/\/www.gestoriadelaguardia.com\/?p=2130"},"modified":"2025-04-30T13:44:05","modified_gmt":"2025-04-30T11:44:05","slug":"declaracio-de-la-renda-i-patrimoni","status":"publish","type":"post","link":"https:\/\/www.gestoriadelaguardia.com\/ca\/2018\/04\/declaracio-de-la-renda-i-patrimoni\/","title":{"rendered":"DECLARACI\u00d3 DE LA RENDA I PATRIMONI"},"content":{"rendered":"<p>Aquest 2018 l\u2019Ag\u00e8ncia Tribut\u00e0ria presenta com a novetat nous requisits per la descarrega de les dades fiscals.<\/p>\n<p>Les dades fiscals serveixen al contribuent com a base pel c\u00e0lcul del seu esborrany. Dintre d\u2019aquestes dades s\u2019hi recull diferent informaci\u00f3 que l\u2019ag\u00e8ncia tributaria t\u00e9 sobre el contribuent, com les dades personals (Nif, domicili, etc), dades patrimonials (habitatge, propietats, etc) i dades econ\u00f2miques (sous i salaris, rendiments bancaris, seguretat social, etc). Cal tenir en compte, per\u00f2, que aquestes dades no s\u00f3n completes per la declaraci\u00f3 i s\u2019ha de verificar i comprovar abans d\u2019acceptar l\u2019esborrany. Sovint, hi ha tipus de productes financers i\/o subvencions (com el pla PIVE) que no surt reflectit a les dades fiscals i que s\u2019han de declarar. A m\u00e9s a m\u00e9s, a les dades fiscals no es garanteix que tota la informaci\u00f3 que hi ha est\u00e0 actualitzada i que reflecteix una imatge real de la situaci\u00f3 del contribuent a finals de l\u2019any 2017.<\/p>\n<p>L\u2019Ag\u00e8ncia Tribut\u00e0ria presenta tamb\u00e9 com a novetat la presentaci\u00f3 de la declaraci\u00f3 a trav\u00e9s de la seva aplicaci\u00f3 per a m\u00f2bils. Cal tenir en compte, per\u00f2, que nom\u00e9s permet la confirmaci\u00f3 i presentaci\u00f3 de l\u2019esborrany. Que, com hem comentat anteriorment, pot ser que contingui errors tot i que el proporcioni la mateixa AEAT.<\/p>\n<p>\u00c9s per aix\u00f2 que des de De La Guardia Grup d\u2019Assessors posem a la vostra disposici\u00f3 el nostre equip de professionals del departament de fiscal per tal de poder tenir en compte tots els par\u00e0metres necessaris per presentar la declaraci\u00f3 de la renda amb coher\u00e8ncia i professionalitat.<\/p>\n","protected":false},"excerpt":{"rendered":"<p>Aquest 2018 l\u2019Ag\u00e8ncia Tribut\u00e0ria presenta com a novetat nous requisits per la descarrega de les dades fiscals. Les dades fiscals serveixen al contribuent com a base pel c\u00e0lcul del seu esborrany. Dintre d\u2019aquestes dades s\u2019hi recull diferent informaci\u00f3 que l\u2019ag\u00e8ncia tributaria t\u00e9 sobre el contribuent, com les dades personals (Nif, domicili, etc), dades patrimonials (habitatge, [&hellip;]<\/p>\n","protected":false},"author":1,"featured_media":0,"comment_status":"closed","ping_status":"closed","sticky":false,"template":"","format":"standard","meta":{"_et_pb_use_builder":"","_et_pb_old_content":"","_et_gb_content_width":"","footnotes":""},"categories":[14],"tags":[],"class_list":["post-2130","post","type-post","status-publish","format-standard","hentry","category-noticies"],"_links":{"self":[{"href":"https:\/\/www.gestoriadelaguardia.com\/ca\/wp-json\/wp\/v2\/posts\/2130","targetHints":{"allow":["GET"]}}],"collection":[{"href":"https:\/\/www.gestoriadelaguardia.com\/ca\/wp-json\/wp\/v2\/posts"}],"about":[{"href":"https:\/\/www.gestoriadelaguardia.com\/ca\/wp-json\/wp\/v2\/types\/post"}],"author":[{"embeddable":true,"href":"https:\/\/www.gestoriadelaguardia.com\/ca\/wp-json\/wp\/v2\/users\/1"}],"replies":[{"embeddable":true,"href":"https:\/\/www.gestoriadelaguardia.com\/ca\/wp-json\/wp\/v2\/comments?post=2130"}],"version-history":[{"count":1,"href":"https:\/\/www.gestoriadelaguardia.com\/ca\/wp-json\/wp\/v2\/posts\/2130\/revisions"}],"predecessor-version":[{"id":4704,"href":"https:\/\/www.gestoriadelaguardia.com\/ca\/wp-json\/wp\/v2\/posts\/2130\/revisions\/4704"}],"wp:attachment":[{"href":"https:\/\/www.gestoriadelaguardia.com\/ca\/wp-json\/wp\/v2\/media?parent=2130"}],"wp:term":[{"taxonomy":"category","embeddable":true,"href":"https:\/\/www.gestoriadelaguardia.com\/ca\/wp-json\/wp\/v2\/categories?post=2130"},{"taxonomy":"post_tag","embeddable":true,"href":"https:\/\/www.gestoriadelaguardia.com\/ca\/wp-json\/wp\/v2\/tags?post=2130"}],"curies":[{"name":"wp","href":"https:\/\/api.w.org\/{rel}","templated":true}]}}